{"id":884,"date":"2020-06-08T16:39:26","date_gmt":"2020-06-08T14:39:26","guid":{"rendered":"https:\/\/www.seguros-barcos.es\/blog\/?p=884"},"modified":"2020-06-16T21:15:04","modified_gmt":"2020-06-16T19:15:04","slug":"trabajador-fallece-al-ser-aplastado-por-una-puerta-en-el-barco","status":"publish","type":"post","link":"https:\/\/www.seguros-barcos.es\/blog\/barcos\/trabajador-fallece-al-ser-aplastado-por-una-puerta-en-el-barco\/","title":{"rendered":"Trabajador fallece al ser aplastado por una puerta en el barco"},"content":{"rendered":"<p>Trabajador fallece al caerle una puerta encima en el barco donde estaba prestando sus servicios profesionales. Este accidente se report\u00f3 el lunes a las 13:45 en la zona portuaria de Beiramar, espec\u00edficamente en el muelle de armadores de Pereira.<\/p>\n<p>El barco donde estaba efectuando labores de mantenimiento se encuentra atracado en la ciudad desde el 25 de mayo. Servicio que realizaba como trabajador de una contrata que encargada de hacer trabajos de reparaci\u00f3n como auxiliar naval.<\/p>\n<p>Los efectivos del servicio de emergencia del 061 asistieron de inmediato, enviando una ambulancia de soporte vital al buque pesquero Argos Vigo. Donde el m\u00e9dico corrobor\u00f3 la muerte inmediata, tal como lo informaron fuentes policiacas.<\/p>\n<p>Se trataba de un hombre de 53 a\u00f1os (J.L.P.G. iniciales de su nombre) originario de Tir\u00e1n en Moa\u00f1a. El mismo estaba encargado de hacer trabajos de soldadura en la popa de la embarcaci\u00f3n, momento en el que le cay\u00f3 una compuerta hidr\u00e1ulica de hierro macizo. En cuanto al peso de la misma las fuentes no coinciden mientras que una dice que era de medio tonelada, otra asegura que eran dos toneladas.<\/p>\n<p>Emergencia 112, la Guardia civil, Polic\u00eda Nacional y una dotaci\u00f3n de bomberos de Balaid\u00f3s y otra de Teis, se presentaron a mantener la zona asegurada y tambi\u00e9n verificaron que la muerte fue inmediata. Antes que estos llegaran, los mismos compa\u00f1eros de la v\u00edctima retiraron la compuerta de gran peso con ayuda de maquinaria, pero ya era demasiado tarde.<\/p>\n<p>El levantamiento del cad\u00e1ver fue realizado por la comisi\u00f3n judicial, entre tanto la Inspecci\u00f3n de Trabajo y los agentes de la Polic\u00eda Nacional abrieron una investigaci\u00f3n para determinar las causas y circunstancias del accidente. La misma ha quedado en manos del Juzgado de Inspecci\u00f3n 2 con funciones de guardia.<\/p>\n<p>Seg\u00fan las pesquisas preliminares, es posible que la puerta de la popa aleda\u00f1a al sitio donde el hoy occiso estaba trabajando, estuviera mal asegurada.<\/p>\n<blockquote><p>Utilice siempre el mejor <a title=\"Comparador de seguros de barcos\" href=\"https:\/\/www.eseguros.es\/seguros-embarcacion.html\" target=\"_blank\" rel=\"noopener\">comparador de seguros de embarcaciones<\/a> para proteger su barco<\/p><\/blockquote>\n<div id=\"ez-toc-container\" class=\"ez-toc-v2_0_82_2 counter-hierarchy ez-toc-counter ez-toc-grey ez-toc-container-direction\">\n<div class=\"ez-toc-title-container\">\n<p class=\"ez-toc-title\" style=\"cursor:inherit\">Table of Contents<\/p>\n<span class=\"ez-toc-title-toggle\"><a href=\"#\" class=\"ez-toc-pull-right ez-toc-btn ez-toc-btn-xs ez-toc-btn-default ez-toc-toggle\" aria-label=\"Alternar tabla de contenidos\"><span class=\"ez-toc-js-icon-con\"><span class=\"\"><span class=\"eztoc-hide\" style=\"display:none;\">Toggle<\/span><span class=\"ez-toc-icon-toggle-span\"><svg style=\"fill: #999;color:#999\" xmlns=\"http:\/\/www.w3.org\/2000\/svg\" class=\"list-377408\" width=\"20px\" height=\"20px\" viewBox=\"0 0 24 24\" fill=\"none\"><path d=\"M6 6H4v2h2V6zm14 0H8v2h12V6zM4 11h2v2H4v-2zm16 0H8v2h12v-2zM4 16h2v2H4v-2zm16 0H8v2h12v-2z\" fill=\"currentColor\"><\/path><\/svg><svg style=\"fill: #999;color:#999\" class=\"arrow-unsorted-368013\" xmlns=\"http:\/\/www.w3.org\/2000\/svg\" width=\"10px\" height=\"10px\" viewBox=\"0 0 24 24\" version=\"1.2\" baseProfile=\"tiny\"><path d=\"M18.2 9.3l-6.2-6.3-6.2 6.3c-.2.2-.3.4-.3.7s.1.5.3.7c.2.2.4.3.7.3h11c.3 0 .5-.1.7-.3.2-.2.3-.5.3-.7s-.1-.5-.3-.7zM5.8 14.7l6.2 6.3 6.2-6.3c.2-.2.3-.5.3-.7s-.1-.5-.3-.7c-.2-.2-.4-.3-.7-.3h-11c-.3 0-.5.1-.7.3-.2.2-.3.5-.3.7s.1.5.3.7z\"\/><\/svg><\/span><\/span><\/span><\/a><\/span><\/div>\n<nav><ul class='ez-toc-list ez-toc-list-level-1 ' ><li class='ez-toc-page-1 ez-toc-heading-level-2'><a class=\"ez-toc-link ez-toc-heading-1\" href=\"https:\/\/www.seguros-barcos.es\/blog\/barcos\/trabajador-fallece-al-ser-aplastado-por-una-puerta-en-el-barco\/#Desde_el_Ministerio_de_Trabajo\" >Desde el Ministerio de Trabajo<\/a><\/li><li class='ez-toc-page-1 ez-toc-heading-level-2'><a class=\"ez-toc-link ez-toc-heading-2\" href=\"https:\/\/www.seguros-barcos.es\/blog\/barcos\/trabajador-fallece-al-ser-aplastado-por-una-puerta-en-el-barco\/#Companeros_de_Trabajo\" >Compa\u00f1eros de Trabajo<\/a><\/li><li class='ez-toc-page-1 ez-toc-heading-level-2'><a class=\"ez-toc-link ez-toc-heading-3\" href=\"https:\/\/www.seguros-barcos.es\/blog\/barcos\/trabajador-fallece-al-ser-aplastado-por-una-puerta-en-el-barco\/#%C2%BFQuien_es_el_responsable\" >\u00bfQui\u00e9n es el responsable?<\/a><\/li><\/ul><\/nav><\/div>\n<h2><span class=\"ez-toc-section\" id=\"Desde_el_Ministerio_de_Trabajo\"><\/span>Desde el Ministerio de Trabajo<span class=\"ez-toc-section-end\"><\/span><\/h2>\n<p>En vista de los sucesos, Yolanda D\u00edaz, ministra de Trabajo, envi\u00f3 un mensaje de solidaridad y apoyo por medio de la red social twitter. Despu\u00e9s de calificarla como una noticia dura desde el puerto de Vigo dirigi\u00f3 sus condolencias a la familia del trabajador fallecido en el accidente laboral, as\u00ed como tambi\u00e9n a sus allegados y compa\u00f1eros.<\/p>\n<p>Finaliz\u00f3 el comunicado con un contundente mensaje en el que asegura que su administraci\u00f3n no cejar\u00e1 en el empe\u00f1o de garantizar la seguridad y la salud en el ambiente de trabajo.<\/p>\n<h2><span class=\"ez-toc-section\" id=\"Companeros_de_Trabajo\"><\/span>Compa\u00f1eros de Trabajo<span class=\"ez-toc-section-end\"><\/span><\/h2>\n<p>El d\u00eda 9 de junio los trabajadores de la factor\u00eda Mar\u00edn participaron en una manifestaci\u00f3n pac\u00edfica por motivo de la muerte de su compa\u00f1ero. Como se\u00f1al de luto y protesta la plantilla de Nodosa interrumpi\u00f3 su jornada laboral.<\/p>\n<p>Los mismos acudieron en orden y con sus implementos de trabajo y se concentraron en la puerta del astillero marinense, portando sus implementos de seguridad como cascos y chalecos.<\/p>\n<blockquote><p>Revise ahora los mejores<a title=\"Seguros de Barcos\" href=\"https:\/\/www.eseguros.es\/seguros-embarcacion.html\" target=\"_blank\" rel=\"noopener\"> seguros de barco<\/a>, para que realice la mejor elecci\u00f3n<\/p><\/blockquote>\n<h2><span class=\"ez-toc-section\" id=\"%C2%BFQuien_es_el_responsable\"><\/span>\u00bfQui\u00e9n es el responsable?<span class=\"ez-toc-section-end\"><\/span><\/h2>\n<p>Est\u00e1 por determinarse, sin embargo es necesario reflexionar en los acontecimientos y considerar hasta qu\u00e9 punto es conveniente contar con el respaldo de un seguro de barco.<\/p>\n<p>El propietario de la embarcaci\u00f3n debe contar con y seguros de responsabilidad civil que respalde tanto al patr\u00f3n como a \u00e9l mismo de da\u00f1os ocasionados. Esto es respecto a las propiedades o da\u00f1os f\u00edsicos que sufran terceras personas a bordo de las embarcaciones.<\/p>\n<p>Aunque el seguro respalda generalmente a embarcaciones de recreo tanto de motor como de vela. Tambi\u00e9n incluye las lanchas semirr\u00edgidas y neum\u00e1ticas, pero parece excluir a las embarcaciones de competencia deportiva o de profesiones del mar. A menos que se disponga de una extensi\u00f3n de una p\u00f3liza espec\u00edfica para el tipo de embarcaci\u00f3n y su finalidad.<\/p>\n<p>Cabe se\u00f1alar que la cobertura general cubrir\u00e1:<\/p>\n<ul>\n<li>Da\u00f1os de la embarcaci\u00f3n<\/li>\n<li>En caso de accidente, cubrir\u00e1 los gastos de salvamento de sus ocupantes y remolque de la embarcaci\u00f3n.<\/li>\n<li>Como cualquier seguro de veh\u00edculo tambi\u00e9n cubre el robo del barco y da\u00f1os residuales del hurto.<\/li>\n<li>Defensa jur\u00eddica contra demandas.<\/li>\n<li>Cualquier tipo de remolque.<\/li>\n<li>Cubre los accidentes de personas que padezcan lesiones por incompetencia o falta de mantenimiento del barco.<\/li>\n<li>Respalda en caso del fallecimiento de cualquier v\u00edctima de un accidente a bordo del barco.<\/li>\n<\/ul>\n<p>Todos los seguros obligatorios responden en caso de lesiones corporales y muertes, entre los da\u00f1os a terceros acaecidos a bordo.<\/p>\n<blockquote><p>Utilice siempre el mejor <a title=\"Comparador de Seguros\" href=\"http:\/\/www.eseguros.es\" target=\"_blank\" rel=\"noopener\">comparador de seguros<\/a> de embarcaciones para proteger su barco<\/p><\/blockquote>\n","protected":false},"excerpt":{"rendered":"<p>Trabajador fallece al caerle una puerta encima en el barco donde estaba prestando sus servicios profesionales. Este accidente se report\u00f3 el lunes a las 13:45 en la zona portuaria de Beiramar, espec\u00edficamente en el muelle de armadores de Pereira. El barco donde estaba efectuando labores de mantenimiento se encuentra atracado en la ciudad desde el [&hellip;]<\/p>\n","protected":false},"author":1,"featured_media":885,"comment_status":"open","ping_status":"open","sticky":false,"template":"","format":"standard","meta":{"_et_pb_use_builder":"","_et_pb_old_content":"","_et_gb_content_width":"","footnotes":""},"categories":[620],"tags":[629,630],"class_list":["post-884","post","type-post","status-publish","format-standard","has-post-thumbnail","hentry","category-barcos","tag-fallecimiento","tag-seguro-de-barco"],"_links":{"self":[{"href":"https:\/\/www.seguros-barcos.es\/blog\/wp-json\/wp\/v2\/posts\/884","targetHints":{"allow":["GET"]}}],"collection":[{"href":"https:\/\/www.seguros-barcos.es\/blog\/wp-json\/wp\/v2\/posts"}],"about":[{"href":"https:\/\/www.seguros-barcos.es\/blog\/wp-json\/wp\/v2\/types\/post"}],"author":[{"embeddable":true,"href":"https:\/\/www.seguros-barcos.es\/blog\/wp-json\/wp\/v2\/users\/1"}],"replies":[{"embeddable":true,"href":"https:\/\/www.seguros-barcos.es\/blog\/wp-json\/wp\/v2\/comments?post=884"}],"version-history":[{"count":2,"href":"https:\/\/www.seguros-barcos.es\/blog\/wp-json\/wp\/v2\/posts\/884\/revisions"}],"predecessor-version":[{"id":887,"href":"https:\/\/www.seguros-barcos.es\/blog\/wp-json\/wp\/v2\/posts\/884\/revisions\/887"}],"wp:featuredmedia":[{"embeddable":true,"href":"https:\/\/www.seguros-barcos.es\/blog\/wp-json\/wp\/v2\/media\/885"}],"wp:attachment":[{"href":"https:\/\/www.seguros-barcos.es\/blog\/wp-json\/wp\/v2\/media?parent=884"}],"wp:term":[{"taxonomy":"category","embeddable":true,"href":"https:\/\/www.seguros-barcos.es\/blog\/wp-json\/wp\/v2\/categories?post=884"},{"taxonomy":"post_tag","embeddable":true,"href":"https:\/\/www.seguros-barcos.es\/blog\/wp-json\/wp\/v2\/tags?post=884"}],"curies":[{"name":"wp","href":"https:\/\/api.w.org\/{rel}","templated":true}]}}