{"id":880,"date":"2020-06-01T14:15:51","date_gmt":"2020-06-01T12:15:51","guid":{"rendered":"https:\/\/www.seguros-barcos.es\/blog\/?p=880"},"modified":"2020-06-09T14:18:27","modified_gmt":"2020-06-09T12:18:27","slug":"declive-de-matriculacion-en-barcos-por-cierre-fronterizo-finalizara","status":"publish","type":"post","link":"https:\/\/www.seguros-barcos.es\/blog\/barcos\/declive-de-matriculacion-en-barcos-por-cierre-fronterizo-finalizara\/","title":{"rendered":"Declive de matriculaci\u00f3n en barcos por cierre fronterizo finalizar\u00e1"},"content":{"rendered":"<p>En la provincia de Valencia la matriculaci\u00f3n de los barcos cae un 34%, lo que corresponde a un 10 % por debajo del promedio nacional. Con todo, la valenciana alcanz\u00f3 145 embarcaciones de recreo entre enero y mayo. Esta cifra representa el 55% por debajo del mismo per\u00edodo del a\u00f1o pasado.<\/p>\n<p>Siendo los buques que miden entre 12 y 8 metros de eslora los menos afectados. En cuanto a los de 16 metros cayeron un 52% respecto al a\u00f1o pasado. Los m\u00e1s peque\u00f1os, de hasta seis metros bajaron un 44% pero siguen representando un buen porcentaje del total, el 68% con sus 933 unidades.<\/p>\n<div id=\"ez-toc-container\" class=\"ez-toc-v2_0_82_2 counter-hierarchy ez-toc-counter ez-toc-grey ez-toc-container-direction\">\n<div class=\"ez-toc-title-container\">\n<p class=\"ez-toc-title\" style=\"cursor:inherit\">Table of Contents<\/p>\n<span class=\"ez-toc-title-toggle\"><a href=\"#\" class=\"ez-toc-pull-right ez-toc-btn ez-toc-btn-xs ez-toc-btn-default ez-toc-toggle\" aria-label=\"Alternar tabla de contenidos\"><span class=\"ez-toc-js-icon-con\"><span class=\"\"><span class=\"eztoc-hide\" style=\"display:none;\">Toggle<\/span><span class=\"ez-toc-icon-toggle-span\"><svg style=\"fill: #999;color:#999\" xmlns=\"http:\/\/www.w3.org\/2000\/svg\" class=\"list-377408\" width=\"20px\" height=\"20px\" viewBox=\"0 0 24 24\" fill=\"none\"><path d=\"M6 6H4v2h2V6zm14 0H8v2h12V6zM4 11h2v2H4v-2zm16 0H8v2h12v-2zM4 16h2v2H4v-2zm16 0H8v2h12v-2z\" fill=\"currentColor\"><\/path><\/svg><svg style=\"fill: #999;color:#999\" class=\"arrow-unsorted-368013\" xmlns=\"http:\/\/www.w3.org\/2000\/svg\" width=\"10px\" height=\"10px\" viewBox=\"0 0 24 24\" version=\"1.2\" baseProfile=\"tiny\"><path d=\"M18.2 9.3l-6.2-6.3-6.2 6.3c-.2.2-.3.4-.3.7s.1.5.3.7c.2.2.4.3.7.3h11c.3 0 .5-.1.7-.3.2-.2.3-.5.3-.7s-.1-.5-.3-.7zM5.8 14.7l6.2 6.3 6.2-6.3c.2-.2.3-.5.3-.7s-.1-.5-.3-.7c-.2-.2-.4-.3-.7-.3h-11c-.3 0-.5.1-.7.3-.2.2-.3.5-.3.7s.1.5.3.7z\"\/><\/svg><\/span><\/span><\/span><\/a><\/span><\/div>\n<nav><ul class='ez-toc-list ez-toc-list-level-1 ' ><li class='ez-toc-page-1 ez-toc-heading-level-2'><a class=\"ez-toc-link ez-toc-heading-1\" href=\"https:\/\/www.seguros-barcos.es\/blog\/barcos\/declive-de-matriculacion-en-barcos-por-cierre-fronterizo-finalizara\/#Sectorizacion_del_mercado\" >Sectorizaci\u00f3n del mercado<\/a><\/li><li class='ez-toc-page-1 ez-toc-heading-level-2'><a class=\"ez-toc-link ez-toc-heading-2\" href=\"https:\/\/www.seguros-barcos.es\/blog\/barcos\/declive-de-matriculacion-en-barcos-por-cierre-fronterizo-finalizara\/#Clasificacion_del_descenso_por_tipos\" >Clasificaci\u00f3n del descenso por tipos<\/a><\/li><li class='ez-toc-page-1 ez-toc-heading-level-2'><a class=\"ez-toc-link ez-toc-heading-3\" href=\"https:\/\/www.seguros-barcos.es\/blog\/barcos\/declive-de-matriculacion-en-barcos-por-cierre-fronterizo-finalizara\/#Solucion_para_los_atrapados_en_Marruecos\" >Soluci\u00f3n para los atrapados en Marruecos<\/a><\/li><\/ul><\/nav><\/div>\n<h2><span class=\"ez-toc-section\" id=\"Sectorizacion_del_mercado\"><\/span>Sectorizaci\u00f3n del mercado<span class=\"ez-toc-section-end\"><\/span><\/h2>\n<p>Seg\u00fan el informe realizado por la Anen (Asociaci\u00f3n Nacional de Empresas N\u00e1uticas) la evoluci\u00f3n ha tenido marcadas diferencias en relaci\u00f3n con las tres provincias: mientras que en Valencia y Castell\u00f3 se registran descensos por debajo del promedio del pa\u00eds, en Alicante est\u00e1 por encima. A raz\u00f3n de que siempre ha sido la m\u00e1s tur\u00edstica de las tres.<\/p>\n<p>El total nacional indica que en los meses comprendidos entre enero y mayo del a\u00f1o pasado se matricularon 2.466 embarcaciones. Este a\u00f1o el mismo per\u00edodo alcanz\u00f3 las 1.400, demostrando el descenso el 43,2%. Los porcentajes de descenso por provincia son:<\/p>\n<ul>\n<li>En Valencia que baj\u00f3 de 87 a 57, fue del 34,48%.<\/li>\n<li>Castell\u00f3 de 30 a 19, marc\u00f3 un descenso del 36,67%.<\/li>\n<\/ul>\n<p>Pero en el caso de Alicante fue un incremento del 65,5 %. Aunque hace un a\u00f1o era la tercera provincia en matricular embarcaciones, actualmente fue superada por M\u00e1laga, Madrid y Murcia, deleg\u00e1ndola al sexto lugar. Aunque Valencia sigue manteni\u00e9ndose en el noveno lugar.<\/p>\n<p>Seg\u00fan la asociaci\u00f3n mencionada la crisis sanitaria y econ\u00f3mica es alarmante para el sector. En especial el mes pasado cuyas matriculaciones obtuvieron un record de descenso del 54,16 %. Sin embargo, es un negocio que agrupa a un sector de la poblaci\u00f3n con ciertos niveles adquisitivos por lo que el descenso solo llega a la mitad. Muy lejos de los de las ventas de coches que representa el 70% de declive en el mismo per\u00edodo.<\/p>\n<p>Como consecuencia de la pandemia el sector de alquiler de embarcaciones tambi\u00e9n ha sufrido un descenso. Los cinco primeros meses de este a\u00f1o bajaron de 689 a 307, cayendo un el 55,44% en el per\u00edodo y el 71,38% solo en el mes de mayo.<\/p>\n<blockquote><p>Recuerde contratar siempre el mejor <a href=\"https:\/\/www.seguros-barcos.es\">seguro de barcos<\/a> para proteger su embarcaci\u00f3n<\/p><\/blockquote>\n<h2><span class=\"ez-toc-section\" id=\"Clasificacion_del_descenso_por_tipos\"><\/span>Clasificaci\u00f3n del descenso por tipos<span class=\"ez-toc-section-end\"><\/span><\/h2>\n<p>En lo que respecta a los tipos de embarcaci\u00f3n las ca\u00eddas puedes clasificarse en:<\/p>\n<ul>\n<li>Neum\u00e1ticas semirr\u00edgidas descendieron un 58%<\/li>\n<li>Neum\u00e1ticas plegables un 48%.<\/li>\n<li>Barcos de motor, el 46%<\/li>\n<li>Motos de agua un 31% y<\/li>\n<li>A Vela, 28%<\/li>\n<\/ul>\n<p>El turismo n\u00e1utico est\u00e1 luchando con todo su potencial, para tener una propuesta segura este verano. Pero necesitan el apoyo de la administraci\u00f3n, tanto para reimpulsar el aparato productivo como para la promoci\u00f3n de sus actividades en la posible reactivaci\u00f3n de mediados de junio.<\/p>\n<p>Es de especial inter\u00e9s considerar que el descenso se ha incrementado tras el cierre fronterizo. Situaci\u00f3n que ha encontrado respaldo en las medidas gubernamentales para solucionar a mediano y largo plazo la repatriaci\u00f3n de espa\u00f1oles en otras regiones como es el caso de marruecos.<\/p>\n<blockquote><p>Revise ahora los mejores<a href=\"https:\/\/www.seguroslowcost.es\/seguros-barcos-lowcost.html\" target=\"_blank\" rel=\"noopener\"> seguros de barco low cost<\/a>, para que realice la mejor elecci\u00f3n<\/p><\/blockquote>\n<h2><span class=\"ez-toc-section\" id=\"Solucion_para_los_atrapados_en_Marruecos\"><\/span>Soluci\u00f3n para los atrapados en Marruecos<span class=\"ez-toc-section-end\"><\/span><\/h2>\n<p>La embajada espa\u00f1ola en Marruecos inform\u00f3 los viajes en ferri como parte del operativo T\u00e1nger-M\u00e1laga. Para espa\u00f1oles y residentes que se han quedado varados en Marruecos desde que se decret\u00f3 el cierre fronterizo. Se les dar\u00e1 el mismo trato a los peatones como a los que tengan veh\u00edculos matriculados en la Uni\u00f3n Europea.<\/p>\n<p>Las que estar\u00e1n programadas para el pr\u00f3ximo mi\u00e9rcoles y jueves 10 y 11, ya tienen todos sus cupos reservados y la naviera Transmediterr\u00e1nea operar\u00e1 en este caso de los barcos que arribaran el pr\u00f3ximo mi\u00e9rcoles y jueves.<\/p>\n<p>Pero para los barcos que se desplazar\u00e1n los d\u00edas 17 y 18 ser\u00e1n gestionados por Balearia como lo ha venido haciendo hasta la semana pasada. Para el mismo se estar\u00e1 habilitando un enlace virtual para los que deseen inscribirse, en todos los casos suele embarcarse a las 14:00 horas del horario marroqu\u00ed y arriba a M\u00e1laga aproximadamente a las 20.00.<\/p>\n<p>Las embarcaciones tienen una capacidad aproximada de 800 personas. Esto representa un alivio para los espa\u00f1oles varados, que tendr\u00e1n que guardar cuarentena obligatoria por catorce d\u00edas en sus respectivos domicilios al llegar a Espa\u00f1a. Estas medidas podr\u00edan ser el inicio de la reactivaci\u00f3n del aparato productivo del sector naviero.<\/p>\n<blockquote><p>Utilice siempre el mejor <a href=\"http:\/\/www.seguros-generales.es\" target=\"_blank\" rel=\"noopener\">comparador de seguros de embarcaciones<\/a> para proteger su barco<\/p><\/blockquote>\n","protected":false},"excerpt":{"rendered":"<p>En la provincia de Valencia la matriculaci\u00f3n de los barcos cae un 34%, lo que corresponde a un 10 % por debajo del promedio nacional. Con todo, la valenciana alcanz\u00f3 145 embarcaciones de recreo entre enero y mayo. Esta cifra representa el 55% por debajo del mismo per\u00edodo del a\u00f1o pasado. Siendo los buques que [&hellip;]<\/p>\n","protected":false},"author":1,"featured_media":881,"comment_status":"open","ping_status":"open","sticky":false,"template":"","format":"standard","meta":{"_et_pb_use_builder":"","_et_pb_old_content":"","_et_gb_content_width":"","footnotes":""},"categories":[627,620],"tags":[],"class_list":["post-880","post","type-post","status-publish","format-standard","has-post-thumbnail","hentry","category-coronavirus","category-barcos"],"_links":{"self":[{"href":"https:\/\/www.seguros-barcos.es\/blog\/wp-json\/wp\/v2\/posts\/880","targetHints":{"allow":["GET"]}}],"collection":[{"href":"https:\/\/www.seguros-barcos.es\/blog\/wp-json\/wp\/v2\/posts"}],"about":[{"href":"https:\/\/www.seguros-barcos.es\/blog\/wp-json\/wp\/v2\/types\/post"}],"author":[{"embeddable":true,"href":"https:\/\/www.seguros-barcos.es\/blog\/wp-json\/wp\/v2\/users\/1"}],"replies":[{"embeddable":true,"href":"https:\/\/www.seguros-barcos.es\/blog\/wp-json\/wp\/v2\/comments?post=880"}],"version-history":[{"count":1,"href":"https:\/\/www.seguros-barcos.es\/blog\/wp-json\/wp\/v2\/posts\/880\/revisions"}],"predecessor-version":[{"id":882,"href":"https:\/\/www.seguros-barcos.es\/blog\/wp-json\/wp\/v2\/posts\/880\/revisions\/882"}],"wp:featuredmedia":[{"embeddable":true,"href":"https:\/\/www.seguros-barcos.es\/blog\/wp-json\/wp\/v2\/media\/881"}],"wp:attachment":[{"href":"https:\/\/www.seguros-barcos.es\/blog\/wp-json\/wp\/v2\/media?parent=880"}],"wp:term":[{"taxonomy":"category","embeddable":true,"href":"https:\/\/www.seguros-barcos.es\/blog\/wp-json\/wp\/v2\/categories?post=880"},{"taxonomy":"post_tag","embeddable":true,"href":"https:\/\/www.seguros-barcos.es\/blog\/wp-json\/wp\/v2\/tags?post=880"}],"curies":[{"name":"wp","href":"https:\/\/api.w.org\/{rel}","templated":true}]}}