{"id":870,"date":"2020-04-13T06:48:18","date_gmt":"2020-04-13T04:48:18","guid":{"rendered":"https:\/\/www.seguros-barcos.es\/blog\/?p=870"},"modified":"2020-04-22T06:58:31","modified_gmt":"2020-04-22T04:58:31","slug":"portaviones-frances-charles-de-gaulle-con-el-41-de-la-tripulacion-infectada","status":"publish","type":"post","link":"https:\/\/www.seguros-barcos.es\/blog\/barcos\/portaviones-frances-charles-de-gaulle-con-el-41-de-la-tripulacion-infectada\/","title":{"rendered":"Portaviones franc\u00e9s Charles de Gaulle con el 41% de la tripulaci\u00f3n infectada"},"content":{"rendered":"<p><strong>El portaviones de la armada francesa<\/strong>, con 1767 tripulantes a bordo, <strong>report\u00f3 668 casos de COVID-19.<\/strong> Lo que representa el 37,8% de los marineros. Todav\u00eda hay 20 que est\u00e1n hospitalizados y otro se encuentra en la sala de reanimaci\u00f3n. Otro de los casos est\u00e1 completamente estable.<\/p>\n<p>Todos los marinos fueron evaluados y puestos inmediatamente en cuarentena solitaria durante 14 d\u00edas, antes de regresar a sus casas. Seg\u00fan inform\u00f3 el mi\u00e9rcoles 15 de abril, el Ministerio de las Fuerzas Armadas franc\u00e9s.<\/p>\n<p>No se sabe a ciencia cierta cu\u00e1l fue el sitio donde se produjo el contagio. Perro es muy probable que la contaminaci\u00f3n se produjera al hacer escala en Brest a mediados del mes de marzo.<\/p>\n<p>Tambi\u00e9n inform\u00f3 el ministerio que se est\u00e1n realizando todas las labores de desinfecci\u00f3n necesarias. Tanto de los aviones como de los edificios y superficie de la embarcaci\u00f3n.<\/p>\n<blockquote><p>Recuerde contratar siempre el mejor <a href=\"https:\/\/www.seguros-barcos.es\">seguro de barcos<\/a> para proteger su embarcaci\u00f3n<\/p><\/blockquote>\n<div id=\"ez-toc-container\" class=\"ez-toc-v2_0_82_2 counter-hierarchy ez-toc-counter ez-toc-grey ez-toc-container-direction\">\n<div class=\"ez-toc-title-container\">\n<p class=\"ez-toc-title\" style=\"cursor:inherit\">Table of Contents<\/p>\n<span class=\"ez-toc-title-toggle\"><a href=\"#\" class=\"ez-toc-pull-right ez-toc-btn ez-toc-btn-xs ez-toc-btn-default ez-toc-toggle\" aria-label=\"Alternar tabla de contenidos\"><span class=\"ez-toc-js-icon-con\"><span class=\"\"><span class=\"eztoc-hide\" style=\"display:none;\">Toggle<\/span><span class=\"ez-toc-icon-toggle-span\"><svg style=\"fill: #999;color:#999\" xmlns=\"http:\/\/www.w3.org\/2000\/svg\" class=\"list-377408\" width=\"20px\" height=\"20px\" viewBox=\"0 0 24 24\" fill=\"none\"><path d=\"M6 6H4v2h2V6zm14 0H8v2h12V6zM4 11h2v2H4v-2zm16 0H8v2h12v-2zM4 16h2v2H4v-2zm16 0H8v2h12v-2z\" fill=\"currentColor\"><\/path><\/svg><svg style=\"fill: #999;color:#999\" class=\"arrow-unsorted-368013\" xmlns=\"http:\/\/www.w3.org\/2000\/svg\" width=\"10px\" height=\"10px\" viewBox=\"0 0 24 24\" version=\"1.2\" baseProfile=\"tiny\"><path d=\"M18.2 9.3l-6.2-6.3-6.2 6.3c-.2.2-.3.4-.3.7s.1.5.3.7c.2.2.4.3.7.3h11c.3 0 .5-.1.7-.3.2-.2.3-.5.3-.7s-.1-.5-.3-.7zM5.8 14.7l6.2 6.3 6.2-6.3c.2-.2.3-.5.3-.7s-.1-.5-.3-.7c-.2-.2-.4-.3-.7-.3h-11c-.3 0-.5.1-.7.3-.2.2-.3.5-.3.7s.1.5.3.7z\"\/><\/svg><\/span><\/span><\/span><\/a><\/span><\/div>\n<nav><ul class='ez-toc-list ez-toc-list-level-1 ' ><li class='ez-toc-page-1 ez-toc-heading-level-2'><a class=\"ez-toc-link ez-toc-heading-1\" href=\"https:\/\/www.seguros-barcos.es\/blog\/barcos\/portaviones-frances-charles-de-gaulle-con-el-41-de-la-tripulacion-infectada\/#Cuando_inicio_la_travesia\" >Cu\u00e1ndo inici\u00f3 la traves\u00eda<\/a><\/li><li class='ez-toc-page-1 ez-toc-heading-level-2'><a class=\"ez-toc-link ez-toc-heading-2\" href=\"https:\/\/www.seguros-barcos.es\/blog\/barcos\/portaviones-frances-charles-de-gaulle-con-el-41-de-la-tripulacion-infectada\/#La_vulnerabilidad_de_las_infraestructuras_militares\" >La vulnerabilidad de las infraestructuras militares<\/a><\/li><\/ul><\/nav><\/div>\n<h2><span class=\"ez-toc-section\" id=\"Cuando_inicio_la_travesia\"><\/span>Cu\u00e1ndo inici\u00f3 la traves\u00eda<span class=\"ez-toc-section-end\"><\/span><\/h2>\n<p>El portaviones <strong>zarp\u00f3 el 21 de enero del 2020 de Toulon<\/strong> en la Costa Azul francesa, hacia el Mediterr\u00e1neo oriental. Donde dar\u00eda apoyo a las operaciones militares francesas. En Irak y Siria contra militantes islamistas. Posteriormente se desplegar\u00edan en el Atl\u00e1ntico y luego en el B\u00e1ltico.<\/p>\n<p>En el mar B\u00e1ltico los marines participaron en ejercicios con las armadas del norte de Europa, tiempo antes de regresar al puerto de Toulon. Lo cual hicieron 15 d\u00edas antes de lo programado debido a que algunos marinos manifestaron s\u00edntomas indicativos de infecci\u00f3n por coronavirus.<\/p>\n<p>A <strong>finales del mes de febrero el portaviones hizo escala en Chipre<\/strong>, donde enseguida anunciaron la presencia de los primeros infectados por el coronavirus en la poblaci\u00f3n. Despu\u00e9s hicieron <strong>escala en Brest, en la Breta\u00f1a francesa, del 13 al 15 de marzo<\/strong>, y luego de esta parada, la tripulaci\u00f3n no hab\u00eda estado en contacto con ning\u00fan elemento externo.<\/p>\n<p>En Brest bajaron del portaviones respetando las medidas de seguridad, distanciamiento social, y prohibici\u00f3n de reunirse m\u00e1s de cien personas. Las cuales se encontraban en ese momento fuera de la embarcaci\u00f3n. Pero por otra parte, se embarcaron 50 personas m\u00e1s mientras zarpaban de Brest.<\/p>\n<p>Tambi\u00e9n se menciona el hecho de que en Brest, un grupo de marines, comparti\u00f3 una comida con algunos marines extranjeros en un restaurant. Posible momento de contagio.<\/p>\n<p>Luego de cinco d\u00edas de haber zarpado, se presentaron los primeros s\u00edntomas de COVID-19. Se confinaron los marineros sintom\u00e1ticos en una zona reservada del buque. A pesar de que no se contaba con test para asegurar que se trataba de infecci\u00f3n por coronavirus. Sin embargo, se piensa que ya era tarde.<\/p>\n<p>El 16 de marzo el buque contin\u00faa rumbo al mar B\u00e1ltico, antes de hacer escala en Dinamarca a finales del mes de marzo. Y fue <strong>el 10 de abril cuando se constata que 50 marineros dan positivo al COVID-19.<\/strong><\/p>\n<p>En consecuencia, Florence Parly ministra de Defensa, puso fin a su misi\u00f3n y le ordena regresar a Toulon. Se coloc\u00f3 en cuarentena a toda la tripulaci\u00f3n que desembarc\u00f3 del Charles de Gaulle.<\/p>\n<blockquote><p>Revise ahora los mejores<a href=\"https:\/\/www.seguroslowcost.es\/seguros-barcos-lowcost.html\" target=\"_blank\" rel=\"noopener\"> seguros de barco low cost<\/a>, para que realice la mejor elecci\u00f3n<\/p><\/blockquote>\n<h2><span class=\"ez-toc-section\" id=\"La_vulnerabilidad_de_las_infraestructuras_militares\"><\/span>La vulnerabilidad de las infraestructuras militares<span class=\"ez-toc-section-end\"><\/span><\/h2>\n<p>El caso del portaviones franc\u00e9s Charles de Gaulle, un buque de propulsi\u00f3n nuclear y con muy amplia autonom\u00eda, evidencia que <strong>las infraestructuras militares son vulnerables ante la pandemia del coronavirus.<\/strong><\/p>\n<p>Se despert\u00f3 un estado de angustia y preocupaci\u00f3n en Francia por el riesgo que puede correr la fuerza de disuasi\u00f3n nuclear. Ya que un submarino que trasporta misiles at\u00f3micos de largo alcance est\u00e1 siempre desplaz\u00e1ndose por todos los mares en forma secreta. De forma de poder garantizar el dar respuesta oportuna en caso de que se presenten amenazas.<\/p>\n<p>Por lo tanto, es un reto tener que velar porque la tripulaci\u00f3n se mantenga libre de infecci\u00f3n por coronavirus. Y que no exista el riesgo de que el submarino deba abortar la misi\u00f3n encomendada.<\/p>\n<p>El Charles de Gaulle es el segundo portaaviones que se reporta en forma oficial, \u00a0contaminado con el coronavirus a nivel mundial. Despu\u00e9s del <strong>portaviones USS Theodore Roosevelt, de Estados Unidos, en el Oc\u00e9ano Pac\u00edfico<\/strong>. El portaviones que atrac\u00f3 en el puerto de Guam, despu\u00e9s de que se inici\u00f3 la propagaci\u00f3n de coronavirus entre los tripulantes del buque y un marinero falleci\u00f3 el 13 de abril.<\/p>\n<blockquote><p>Utilice siempre el mejor <a href=\"http:\/\/www.seguros-generales.es\" target=\"_blank\" rel=\"noopener\">comparador de seguros de embarcaciones<\/a> para proteger su barco<\/p><\/blockquote>\n","protected":false},"excerpt":{"rendered":"<p>El portaviones de la armada francesa, con 1767 tripulantes a bordo, report\u00f3 668 casos de COVID-19. Lo que representa el 37,8% de los marineros. Todav\u00eda hay 20 que est\u00e1n hospitalizados y otro se encuentra en la sala de reanimaci\u00f3n. Otro de los casos est\u00e1 completamente estable. Todos los marinos fueron evaluados y puestos inmediatamente en [&hellip;]<\/p>\n","protected":false},"author":1,"featured_media":871,"comment_status":"open","ping_status":"open","sticky":false,"template":"","format":"standard","meta":{"_et_pb_use_builder":"","_et_pb_old_content":"","_et_gb_content_width":"","footnotes":""},"categories":[620],"tags":[],"class_list":["post-870","post","type-post","status-publish","format-standard","has-post-thumbnail","hentry","category-barcos"],"_links":{"self":[{"href":"https:\/\/www.seguros-barcos.es\/blog\/wp-json\/wp\/v2\/posts\/870","targetHints":{"allow":["GET"]}}],"collection":[{"href":"https:\/\/www.seguros-barcos.es\/blog\/wp-json\/wp\/v2\/posts"}],"about":[{"href":"https:\/\/www.seguros-barcos.es\/blog\/wp-json\/wp\/v2\/types\/post"}],"author":[{"embeddable":true,"href":"https:\/\/www.seguros-barcos.es\/blog\/wp-json\/wp\/v2\/users\/1"}],"replies":[{"embeddable":true,"href":"https:\/\/www.seguros-barcos.es\/blog\/wp-json\/wp\/v2\/comments?post=870"}],"version-history":[{"count":1,"href":"https:\/\/www.seguros-barcos.es\/blog\/wp-json\/wp\/v2\/posts\/870\/revisions"}],"predecessor-version":[{"id":872,"href":"https:\/\/www.seguros-barcos.es\/blog\/wp-json\/wp\/v2\/posts\/870\/revisions\/872"}],"wp:featuredmedia":[{"embeddable":true,"href":"https:\/\/www.seguros-barcos.es\/blog\/wp-json\/wp\/v2\/media\/871"}],"wp:attachment":[{"href":"https:\/\/www.seguros-barcos.es\/blog\/wp-json\/wp\/v2\/media?parent=870"}],"wp:term":[{"taxonomy":"category","embeddable":true,"href":"https:\/\/www.seguros-barcos.es\/blog\/wp-json\/wp\/v2\/categories?post=870"},{"taxonomy":"post_tag","embeddable":true,"href":"https:\/\/www.seguros-barcos.es\/blog\/wp-json\/wp\/v2\/tags?post=870"}],"curies":[{"name":"wp","href":"https:\/\/api.w.org\/{rel}","templated":true}]}}