{"id":854,"date":"2020-03-16T20:12:38","date_gmt":"2020-03-16T18:12:38","guid":{"rendered":"https:\/\/www.seguros-barcos.es\/blog\/?p=854"},"modified":"2020-03-24T20:28:54","modified_gmt":"2020-03-24T18:28:54","slug":"restricciones-en-la-movilizacion-de-barcos-entre-las-islas-canarias","status":"publish","type":"post","link":"https:\/\/www.seguros-barcos.es\/blog\/barcos\/restricciones-en-la-movilizacion-de-barcos-entre-las-islas-canarias\/","title":{"rendered":"Restricciones en la movilizaci\u00f3n de barcos entre las islas Canarias"},"content":{"rendered":"<p>As\u00ed como el tr\u00e1fico a\u00e9reo est\u00e1 limitado, tambi\u00e9n se restringe el tr\u00e1fico mar\u00edtimo. Los <strong>puertos canarios no est\u00e1n recibiendo embarcaciones de pasajeros que procedan del mismo pa\u00eds o del extranjero.<\/strong> Lo cual forma parte de las medidas que ha tomado el gobierno de Canarias, para detener la expansi\u00f3n y contagio del coronavirus a los habitantes de las islas.<\/p>\n<p>El Gobierno auton\u00f3mico considera que las restricciones del tr\u00e1fico de buques con otras zonas de Espa\u00f1a son inevitables. Pues la mayor\u00eda de los casos de contagios con coronavirus, son importados desde la misma pen\u00ednsula.<\/p>\n<p>El paquete de iniciativas adoptadas por el gobierno de Canarias, cuenta con la conformidad de los cabildos, los ayuntamientos y todos los agentes sociales y econ\u00f3micos.<\/p>\n<p>As\u00ed, se proh\u00edbe estrictamente la entrada y salida de barcos de pasajeros de los puertos de las islas Canarias, de las l\u00edneas que transitan rutas regulares. Por lo que <strong>se suspenden las l\u00edneas mar\u00edtimas que trasportan pasajeros, entre Canarias y Pen\u00ednsula<\/strong>, as\u00ed como tambi\u00e9n de los cruceros.<\/p>\n<p>La medida adem\u00e1s se extiende a todas aquellas embarcaciones que prestan servicio de recreaci\u00f3n. Propiedad de particulares o de arrendamiento (ch\u00e1rter) independientemente de d\u00f3nde provengan.<\/p>\n<p>Cabe destacar que estas medidas tomadas en las Islas Canarias, forman parte del paquete de medidas en cuanto a transporte y movilidad se refiere, del Gobierno central. Para contrarrestar el impacto de la crisis que cada d\u00eda arrecia m\u00e1s a nivel mundial.<\/p>\n<blockquote><p>Utilice siempre el mejor <a href=\"http:\/\/www.seguros-generales.es\" target=\"_blank\" rel=\"noopener\">comparador de seguros de embarcaciones<\/a> para proteger su barco<\/p><\/blockquote>\n<div id=\"ez-toc-container\" class=\"ez-toc-v2_0_82_2 counter-hierarchy ez-toc-counter ez-toc-grey ez-toc-container-direction\">\n<div class=\"ez-toc-title-container\">\n<p class=\"ez-toc-title\" style=\"cursor:inherit\">Table of Contents<\/p>\n<span class=\"ez-toc-title-toggle\"><a href=\"#\" class=\"ez-toc-pull-right ez-toc-btn ez-toc-btn-xs ez-toc-btn-default ez-toc-toggle\" aria-label=\"Alternar tabla de contenidos\"><span class=\"ez-toc-js-icon-con\"><span class=\"\"><span class=\"eztoc-hide\" style=\"display:none;\">Toggle<\/span><span class=\"ez-toc-icon-toggle-span\"><svg style=\"fill: #999;color:#999\" xmlns=\"http:\/\/www.w3.org\/2000\/svg\" class=\"list-377408\" width=\"20px\" height=\"20px\" viewBox=\"0 0 24 24\" fill=\"none\"><path d=\"M6 6H4v2h2V6zm14 0H8v2h12V6zM4 11h2v2H4v-2zm16 0H8v2h12v-2zM4 16h2v2H4v-2zm16 0H8v2h12v-2z\" fill=\"currentColor\"><\/path><\/svg><svg style=\"fill: #999;color:#999\" class=\"arrow-unsorted-368013\" xmlns=\"http:\/\/www.w3.org\/2000\/svg\" width=\"10px\" height=\"10px\" viewBox=\"0 0 24 24\" version=\"1.2\" baseProfile=\"tiny\"><path d=\"M18.2 9.3l-6.2-6.3-6.2 6.3c-.2.2-.3.4-.3.7s.1.5.3.7c.2.2.4.3.7.3h11c.3 0 .5-.1.7-.3.2-.2.3-.5.3-.7s-.1-.5-.3-.7zM5.8 14.7l6.2 6.3 6.2-6.3c.2-.2.3-.5.3-.7s-.1-.5-.3-.7c-.2-.2-.4-.3-.7-.3h-11c-.3 0-.5.1-.7.3-.2.2-.3.5-.3.7s.1.5.3.7z\"\/><\/svg><\/span><\/span><\/span><\/a><\/span><\/div>\n<nav><ul class='ez-toc-list ez-toc-list-level-1 ' ><li class='ez-toc-page-1 ez-toc-heading-level-2'><a class=\"ez-toc-link ez-toc-heading-1\" href=\"https:\/\/www.seguros-barcos.es\/blog\/barcos\/restricciones-en-la-movilizacion-de-barcos-entre-las-islas-canarias\/#_Transporte_maritimo_interinsular\" >\u00a0Transporte mar\u00edtimo interinsular<\/a><ul class='ez-toc-list-level-3' ><li class='ez-toc-heading-level-3'><a class=\"ez-toc-link ez-toc-heading-2\" href=\"https:\/\/www.seguros-barcos.es\/blog\/barcos\/restricciones-en-la-movilizacion-de-barcos-entre-las-islas-canarias\/#Rutas_y_numeros_de_viajes_interinsular\" >Rutas y n\u00fameros de viajes interinsular<\/a><\/li><\/ul><\/li><li class='ez-toc-page-1 ez-toc-heading-level-2'><a class=\"ez-toc-link ez-toc-heading-3\" href=\"https:\/\/www.seguros-barcos.es\/blog\/barcos\/restricciones-en-la-movilizacion-de-barcos-entre-las-islas-canarias\/#Los_barcos_pesqueros_tambien_se_detienen\" >Los barcos pesqueros tambi\u00e9n se detienen<\/a><\/li><\/ul><\/nav><\/div>\n<h2><span class=\"ez-toc-section\" id=\"_Transporte_maritimo_interinsular\"><\/span>\u00a0Transporte mar\u00edtimo interinsular<span class=\"ez-toc-section-end\"><\/span><\/h2>\n<p>En este sentido, el transporte mar\u00edtimo entre las islas, tambi\u00e9n <strong>est\u00e1 reducido a menos del 50%<\/strong> de sus actividades habituales. Bajo las mismas condiciones que el transporte a\u00e9reo. Lo que indica que <strong>las personas que tengan la necesidad de viajar, por barco entre las islas, deben tener una raz\u00f3n bien justificada. <\/strong><\/p>\n<p>Bien sea para regresar a su lugar de residencia o para cuidar a alg\u00fan familiar enfermo o anciano o cualquier necesidad que realmente lo requiera. En este caso, la cantidad de barcos que transportar\u00e1n pasajeros quedan reducidos. Por lo tanto de las 62 rutas mar\u00edtimas que en forma habitual realizan viajes entre las islas, quedar\u00e1n reducidas a solo 26. Como se indica en el cuadro1.<\/p>\n<h3><span class=\"ez-toc-section\" id=\"Rutas_y_numeros_de_viajes_interinsular\"><\/span>Rutas y n\u00fameros de viajes interinsular<span class=\"ez-toc-section-end\"><\/span><\/h3>\n<table style=\"width: 66.2335%; height: 637px;\">\n<tbody>\n<tr style=\"height: 58px;\">\n<td style=\"width: 58.328%; height: 58px;\" width=\"299\">RUTAS<\/td>\n<td style=\"width: 58.8075%; height: 58px;\" width=\"79\">N\u00famero de viajes<\/td>\n<\/tr>\n<tr style=\"height: 51px;\">\n<td style=\"width: 58.328%; height: 51px;\" width=\"299\">Santa Cruz de Tenerife-Agaete<\/td>\n<td style=\"width: 58.8075%; height: 51px;\" width=\"79\">3<\/td>\n<\/tr>\n<tr style=\"height: 51px;\">\n<td style=\"width: 58.328%; height: 51px;\" width=\"299\">Las Palmas de Gran Canaria-Morro Jable<\/td>\n<td style=\"width: 58.8075%; height: 51px;\" width=\"79\">2<\/td>\n<\/tr>\n<tr style=\"height: 51px;\">\n<td style=\"width: 58.328%; height: 51px;\" width=\"299\">Las Palmas de Gran Canaria-Arrecife<\/td>\n<td style=\"width: 58.8075%; height: 51px;\" width=\"79\">1<\/td>\n<\/tr>\n<tr style=\"height: 74px;\">\n<td style=\"width: 58.328%; height: 74px;\" width=\"299\">Santa Cruz de Tenerife-Las Palmas de Gran Canaria,<\/td>\n<td style=\"width: 58.8075%; height: 74px;\" width=\"79\">4<\/td>\n<\/tr>\n<tr style=\"height: 51px;\">\n<td style=\"width: 58.328%; height: 51px;\" width=\"299\">Corralejo-Playa Blanca<\/td>\n<td style=\"width: 58.8075%; height: 51px;\" width=\"79\">4<\/td>\n<\/tr>\n<tr style=\"height: 74px;\">\n<td style=\"width: 58.328%; height: 74px;\" width=\"299\">Los Cristianos- San Sebasti\u00e1n de La Gomera<\/td>\n<td style=\"width: 58.8075%; height: 74px;\" width=\"79\">4<\/td>\n<\/tr>\n<tr style=\"height: 51px;\">\n<td style=\"width: 58.328%; height: 51px;\" width=\"299\">Los Cristianos-Santa Cruz de La Palma,<\/td>\n<td style=\"width: 58.8075%; height: 51px;\" width=\"79\">2<\/td>\n<\/tr>\n<tr style=\"height: 74px;\">\n<td style=\"width: 58.328%; height: 74px;\" width=\"299\">Las Palmas de Gran Canaria-Puerto del Rosario<\/td>\n<td style=\"width: 58.8075%; height: 74px;\" width=\"79\">1<\/td>\n<\/tr>\n<tr style=\"height: 51px;\">\n<td style=\"width: 58.328%; height: 51px;\" width=\"299\">Los Cristianos-Valverde<\/td>\n<td style=\"width: 58.8075%; height: 51px;\" width=\"79\">1<\/td>\n<\/tr>\n<tr style=\"height: 51px;\">\n<td style=\"width: 58.328%; height: 51px;\" width=\"299\">\u00d3rzola-Caleta de Sebo<\/td>\n<td style=\"width: 58.8075%; height: 51px;\" width=\"79\">4<\/td>\n<\/tr>\n<\/tbody>\n<\/table>\n<p>&nbsp;<\/p>\n<p>Sin embargo, la Consejer\u00eda de Obras P\u00fablicas, Transportes y Vivienda podr\u00e1 en algunas circunstancias que lo ameriten, hacer excepciones. Bien sea por causas humanitarias o de inter\u00e9s m\u00e9dico o p\u00fablico, podr\u00e1n autorizar que algunos pasajeros de los buques de rutas regulares, bajen en las islas. Asimismo, de las embarcaciones de buques recreacionales, bien sean particulares o arrendados.<\/p>\n<p>Estas <strong>medidas para el transporte de pasajeros mar\u00edtimo interinsular<\/strong> y tambi\u00e9n para el transporte a\u00e9reo entraron en vigor a la medianoche del 19 de marzo. Una vez fueron publicadas en el respectivo BOE.<\/p>\n<blockquote><p>Revise ahora los mejores<a href=\"https:\/\/www.seguroslowcost.es\/seguros-barcos-lowcost.html\" target=\"_blank\" rel=\"noopener\"> seguros de barco low cost<\/a>, para que realice la mejor elecci\u00f3n<\/p><\/blockquote>\n<h2><span class=\"ez-toc-section\" id=\"Los_barcos_pesqueros_tambien_se_detienen\"><\/span>Los barcos pesqueros tambi\u00e9n se detienen<span class=\"ez-toc-section-end\"><\/span><\/h2>\n<p>Y no solo el trasporte de pasajeros en las islas Canarias disminuye su actividad. Por otra parte, la actividad pesquera tambi\u00e9n est\u00e1 siendo fuertemente impactada por el coronavirus. En este sentido, cinco barcos dedicados a la actividad pesquera en Almer\u00eda, planteaban que ninguno de los sectores econ\u00f3micos del pa\u00eds est\u00e1 a salvo de esta crisis.<\/p>\n<p>La actividad pesquera est\u00e1 afectada por una parte, por la imposibilidad de garantizar las medidas para prevenir la expansi\u00f3n del SARS-CoV-2 en los buques. Y por otra parte, la ca\u00edda de los precios de algunas especies de pescados debido al cierre de restaurantes y algunos hoteles.<\/p>\n<p>Por lo que alrededor de <strong>m\u00e1s de 50.000 personas dedicadas a la actividad pesquera<\/strong> en Espa\u00f1a, est\u00e1n afectados por la crisis de salud en el pa\u00eds.<\/p>\n<p>Se espera que con estas medidas tomadas en la comunidad, aunadas a las del gobierno central, se logre detener la expansi\u00f3n del coronavirus por las islas y toda Espa\u00f1a. Y contribuir as\u00ed a detener este flagelo que tiene en crisis al mundo entero. Despu\u00e9s ser\u00e1 necesario tomar medidas para recuperar la econom\u00eda.<\/p>\n<blockquote><p>Utilice siempre el mejor <a href=\"http:\/\/www.seguros-generales.es\" target=\"_blank\" rel=\"noopener\">comparador de seguros de embarcaciones<\/a> para proteger su barco<\/p><\/blockquote>\n","protected":false},"excerpt":{"rendered":"<p>As\u00ed como el tr\u00e1fico a\u00e9reo est\u00e1 limitado, tambi\u00e9n se restringe el tr\u00e1fico mar\u00edtimo. Los puertos canarios no est\u00e1n recibiendo embarcaciones de pasajeros que procedan del mismo pa\u00eds o del extranjero. Lo cual forma parte de las medidas que ha tomado el gobierno de Canarias, para detener la expansi\u00f3n y contagio del coronavirus a los habitantes [&hellip;]<\/p>\n","protected":false},"author":1,"featured_media":855,"comment_status":"open","ping_status":"open","sticky":false,"template":"","format":"standard","meta":{"_et_pb_use_builder":"","_et_pb_old_content":"","_et_gb_content_width":"","footnotes":""},"categories":[620],"tags":[],"class_list":["post-854","post","type-post","status-publish","format-standard","has-post-thumbnail","hentry","category-barcos"],"_links":{"self":[{"href":"https:\/\/www.seguros-barcos.es\/blog\/wp-json\/wp\/v2\/posts\/854","targetHints":{"allow":["GET"]}}],"collection":[{"href":"https:\/\/www.seguros-barcos.es\/blog\/wp-json\/wp\/v2\/posts"}],"about":[{"href":"https:\/\/www.seguros-barcos.es\/blog\/wp-json\/wp\/v2\/types\/post"}],"author":[{"embeddable":true,"href":"https:\/\/www.seguros-barcos.es\/blog\/wp-json\/wp\/v2\/users\/1"}],"replies":[{"embeddable":true,"href":"https:\/\/www.seguros-barcos.es\/blog\/wp-json\/wp\/v2\/comments?post=854"}],"version-history":[{"count":1,"href":"https:\/\/www.seguros-barcos.es\/blog\/wp-json\/wp\/v2\/posts\/854\/revisions"}],"predecessor-version":[{"id":856,"href":"https:\/\/www.seguros-barcos.es\/blog\/wp-json\/wp\/v2\/posts\/854\/revisions\/856"}],"wp:featuredmedia":[{"embeddable":true,"href":"https:\/\/www.seguros-barcos.es\/blog\/wp-json\/wp\/v2\/media\/855"}],"wp:attachment":[{"href":"https:\/\/www.seguros-barcos.es\/blog\/wp-json\/wp\/v2\/media?parent=854"}],"wp:term":[{"taxonomy":"category","embeddable":true,"href":"https:\/\/www.seguros-barcos.es\/blog\/wp-json\/wp\/v2\/categories?post=854"},{"taxonomy":"post_tag","embeddable":true,"href":"https:\/\/www.seguros-barcos.es\/blog\/wp-json\/wp\/v2\/tags?post=854"}],"curies":[{"name":"wp","href":"https:\/\/api.w.org\/{rel}","templated":true}]}}