{"id":822,"date":"2020-01-13T20:48:28","date_gmt":"2020-01-13T18:48:28","guid":{"rendered":"https:\/\/www.seguros-barcos.es\/blog\/?p=822"},"modified":"2020-01-21T20:51:08","modified_gmt":"2020-01-21T18:51:08","slug":"el-pasaia-itsas-festibala-en-su-segunda-edicion","status":"publish","type":"post","link":"https:\/\/www.seguros-barcos.es\/blog\/barcos\/el-pasaia-itsas-festibala-en-su-segunda-edicion\/","title":{"rendered":"El Pasaia Itsas Festibala en su segunda edici\u00f3n"},"content":{"rendered":"<p>\u00bfSe realizar\u00e1 nuevamente, despu\u00e9s de dos a\u00f1os, la exitosa Pasaia Itsas Festibala o fiesta marinera de Pasaia. La primera edici\u00f3n de este gran evento tuvo gran \u00e9xito y aceptaci\u00f3n. Este a\u00f1o, se celebrar\u00e1 entre el 28 de mayo y 1 de junio, en toda la bah\u00eda pasaitarra.<\/p>\n<p>Las fiestas ya tienen a tres maravillosos protagonistas del mar, <strong>tres grandes embarcaciones hist\u00f3ricas<\/strong>, que estar\u00e1n presentes en la bah\u00eda, en esta nueva cita. Los tres barcos recibir\u00e1n las visitas de los asistentes al evento. Tendr\u00e1n la oportunidad de conocer El &#8216;Shtandart&#8217;, una r\u00e9plica de una fragata rusa perteneciente al siglo XVIII, la cual cuenta con 34,5 metros de eslora.<\/p>\n<p>Asimismo podr\u00e1n embarcarse en el &#8216;Oosterschelde&#8217;, una hermosa goleta holandesa con tres grandes m\u00e1stiles. La misma fue construida en 1918, y tiene 50 metros de eslora. Y finalmente la goleta francesa el &#8216;Marit\u00e9&#8217;, la cual tambi\u00e9n cuenta con tres m\u00e1stiles y tiene 45 metros de eslora. Esta goleta cumple cien a\u00f1os de fabricada el 2021.<\/p>\n<p>En la primera edici\u00f3n fuel el nav\u00edo L&#8217; Hermione, el atractivo que le dio brillo a esta fabulosa celebraci\u00f3n.<strong> Con estos protagonistas de la fiesta, Pasaia<\/strong>\u00a0busca afianzarse como referente de la cultura marina.<\/p>\n<p>Se espera tambi\u00e9n contar con la presencia de dos grandes embarcaciones m\u00e1s, que complementar\u00e1n esta maravillosa flotilla. Aunado a los cinco grandes barcos, estar\u00e1n presente un centenar de embarcaciones peque\u00f1as, que tambi\u00e9n ser\u00e1n parte de la atracci\u00f3n marina.<\/p>\n<blockquote><p>Recuerde contratar siempre el mejor <a href=\"https:\/\/www.seguros-barcos.es\">seguro de barcos<\/a> para proteger su embarcaci\u00f3n<\/p><\/blockquote>\n<div id=\"ez-toc-container\" class=\"ez-toc-v2_0_82_2 counter-hierarchy ez-toc-counter ez-toc-grey ez-toc-container-direction\">\n<div class=\"ez-toc-title-container\">\n<p class=\"ez-toc-title\" style=\"cursor:inherit\">Table of Contents<\/p>\n<span class=\"ez-toc-title-toggle\"><a href=\"#\" class=\"ez-toc-pull-right ez-toc-btn ez-toc-btn-xs ez-toc-btn-default ez-toc-toggle\" aria-label=\"Alternar tabla de contenidos\"><span class=\"ez-toc-js-icon-con\"><span class=\"\"><span class=\"eztoc-hide\" style=\"display:none;\">Toggle<\/span><span class=\"ez-toc-icon-toggle-span\"><svg style=\"fill: #999;color:#999\" xmlns=\"http:\/\/www.w3.org\/2000\/svg\" class=\"list-377408\" width=\"20px\" height=\"20px\" viewBox=\"0 0 24 24\" fill=\"none\"><path d=\"M6 6H4v2h2V6zm14 0H8v2h12V6zM4 11h2v2H4v-2zm16 0H8v2h12v-2zM4 16h2v2H4v-2zm16 0H8v2h12v-2z\" fill=\"currentColor\"><\/path><\/svg><svg style=\"fill: #999;color:#999\" class=\"arrow-unsorted-368013\" xmlns=\"http:\/\/www.w3.org\/2000\/svg\" width=\"10px\" height=\"10px\" viewBox=\"0 0 24 24\" version=\"1.2\" baseProfile=\"tiny\"><path d=\"M18.2 9.3l-6.2-6.3-6.2 6.3c-.2.2-.3.4-.3.7s.1.5.3.7c.2.2.4.3.7.3h11c.3 0 .5-.1.7-.3.2-.2.3-.5.3-.7s-.1-.5-.3-.7zM5.8 14.7l6.2 6.3 6.2-6.3c.2-.2.3-.5.3-.7s-.1-.5-.3-.7c-.2-.2-.4-.3-.7-.3h-11c-.3 0-.5.1-.7.3-.2.2-.3.5-.3.7s.1.5.3.7z\"\/><\/svg><\/span><\/span><\/span><\/a><\/span><\/div>\n<nav><ul class='ez-toc-list ez-toc-list-level-1 ' ><li class='ez-toc-page-1 ez-toc-heading-level-2'><a class=\"ez-toc-link ez-toc-heading-1\" href=\"https:\/\/www.seguros-barcos.es\/blog\/barcos\/el-pasaia-itsas-festibala-en-su-segunda-edicion\/#Fabulosos_atractivos_musicales_y_otras_actividades\" >Fabulosos atractivos musicales y otras actividades<\/a><\/li><li class='ez-toc-page-1 ez-toc-heading-level-2'><a class=\"ez-toc-link ez-toc-heading-2\" href=\"https:\/\/www.seguros-barcos.es\/blog\/barcos\/el-pasaia-itsas-festibala-en-su-segunda-edicion\/#Tres_embarcaciones_historicas\" >Tres embarcaciones hist\u00f3ricas<\/a><ul class='ez-toc-list-level-3' ><li class='ez-toc-heading-level-3'><a class=\"ez-toc-link ez-toc-heading-3\" href=\"https:\/\/www.seguros-barcos.es\/blog\/barcos\/el-pasaia-itsas-festibala-en-su-segunda-edicion\/#El_%E2%80%98Marite\" >El &#8216;Marit\u00e9&#8217;<\/a><\/li><li class='ez-toc-page-1 ez-toc-heading-level-3'><a class=\"ez-toc-link ez-toc-heading-4\" href=\"https:\/\/www.seguros-barcos.es\/blog\/barcos\/el-pasaia-itsas-festibala-en-su-segunda-edicion\/#El_%E2%80%98Oosterchelde\" >El &#8216;Oosterchelde&#8217;<\/a><\/li><li class='ez-toc-page-1 ez-toc-heading-level-3'><a class=\"ez-toc-link ez-toc-heading-5\" href=\"https:\/\/www.seguros-barcos.es\/blog\/barcos\/el-pasaia-itsas-festibala-en-su-segunda-edicion\/#%E2%80%98Shtandart\" >&#8216;Shtandart&#8217;<\/a><\/li><\/ul><\/li><\/ul><\/nav><\/div>\n<h2><span class=\"ez-toc-section\" id=\"Fabulosos_atractivos_musicales_y_otras_actividades\"><\/span>Fabulosos atractivos musicales y otras actividades<span class=\"ez-toc-section-end\"><\/span><\/h2>\n<p>En la planificaci\u00f3n del evento se organiza la presentaci\u00f3n de conciertos musicales, para ofrecer al p\u00fablico asistente la mejor m\u00fasica. As\u00ed como tambi\u00e9n al realizaci\u00f3n de actividades solidarias y medioambientales.<\/p>\n<p>Adem\u00e1s, complementan la programaci\u00f3n, gui\u00f1os a los 500 a\u00f1os<strong> de la vuelta al mundo de Juan Sebasti\u00e1n Elcano.<\/strong>\u00a0Se cuenta con la presencia de Portugal, como pa\u00eds especialmente invitado al evento.<\/p>\n<p>Cabe destacar, que la semana pasada, el\u00a0<strong>Ayuntamiento de Pasaia<\/strong>\u00a0present\u00f3 un avance de la programaci\u00f3n del festival. Estuvieron presentes Izaskun G\u00f3mez, alcaldesa de la localidad. Tambi\u00e9n representantes de los organismos involucrados, como F\u00e9lix Garciandia, el presidente de la Autoridad Portuaria de Pasaia.<\/p>\n<p>Tambi\u00e9n asistieron a la presentaci\u00f3n Denis Itxaso, diputado de Cultura, y Sonia P\u00e9rez, consejera de Turismo, Comercio y Consumo del Gobierno Vasco. Y por supuesto, Xabier Agote, el director del Festival.<\/p>\n<p>Todos ellos recordaron el gran \u00e9xito que tuvo la primera edici\u00f3n de la feria marina en 2018. Cuando se cont\u00f3 con la asistencia de 125.000 visitantes Y estuvieron de acuerdo en hacer lo posible por mejorar este a\u00f1o asistencia, as\u00ed como la calidad del evento. Y lograr que las ferias sean un nuevo \u00e9xito popular.<\/p>\n<p>Conscientes que este evento \u201c\u2026pone en valor, el patrimonio mar\u00edtimo como uno de los atractivos tur\u00edsticos de Euskadi\u201d.<\/p>\n<p>El diputado de Cultura Denis Itxaso, enfatiz\u00f3 sobre \u201cla importancia de la diplomacia cultural y red de relaciones que se tejen, desde la organizaci\u00f3n de un festival que es\u00a0<strong>una magnifica tarjeta de presentaci\u00f3n del patrimonio cultural de Gipuzkoa y de Pasaia. Y<\/strong> nos proyecta como un territorio abierto al mundo que tiene vocaci\u00f3n de seguir impulsando una econom\u00eda sostenible en torno al mar\u201d.<\/p>\n<h2><span class=\"ez-toc-section\" id=\"Tres_embarcaciones_historicas\"><\/span>Tres embarcaciones hist\u00f3ricas<span class=\"ez-toc-section-end\"><\/span><\/h2>\n<p>Xabier Agote expuso que\u00a0en evento se <strong>recordar\u00e1 la figura de Elcano<\/strong>, pronto a cumplir 5 siglos de aniversario de la circunnavegaci\u00f3n. Adem\u00e1s se contar\u00e1 con la presencia solidaria de \u201c\u2026el\u00a0<strong>Aita Mari\u00a0<\/strong>y su trabajo en el Mediterr\u00e1neo, del que nos sentimos tan orgullosos\u201d. Contando tambi\u00e9n con la participaci\u00f3n de la asociaci\u00f3n\u00a0<strong>Zaporeak<\/strong>.<\/p>\n<p>Tambi\u00e9n se realizar\u00e1n actividades para que no se olvide el creciente deterioro ecol\u00f3gico de los oc\u00e9anos marinos. Y muchos m\u00e1s actos y atracciones que se han planificado para el desarrollo del festival. Sin embargo, son las grandes embarcaciones la que protagonizar\u00e1n el festival, s\u00edmbolo del patrimonio mar\u00edtimo.<\/p>\n<p>En este sentido el director del festival, dedic\u00f3 su tiempo a detallar las caracter\u00edsticas de tres de las embarcaciones, de las que se ha confirmado su presencia.<\/p>\n<blockquote><p>Revise ahora los mejores<a href=\"https:\/\/www.seguroslowcost.es\/seguros-barcos-lowcost.html\" target=\"_blank\" rel=\"noopener\"> seguros de barco low cost<\/a>, para que realice la mejor elecci\u00f3n<\/p><\/blockquote>\n<h3><span class=\"ez-toc-section\" id=\"El_%E2%80%98Marite\"><\/span>El &#8216;Marit\u00e9&#8217;<span class=\"ez-toc-section-end\"><\/span><\/h3>\n<p>El &#8216;Marit\u00e9&#8217;, de bandera francesa pero con matr\u00edcula de Granville. Fue construido hace 98 a\u00f1os, en 1922 y un a\u00f1o m\u00e1s tarde fue dejado al olvido.<\/p>\n<p>En sus inicios fue un barco bacaladero, \u201c\u2026luego fue barco de cabotaje dan\u00e9s y de recreo sueco, y sobrevivi\u00f3 a la Segunda Guerra Mundial. En 1946, sin sus tres m\u00e1stiles originales, el buque se dedic\u00f3 al transporte y a la pesca del arenque\u201d.<\/p>\n<p>Ya en 1973 dej\u00f3 de trabajar, a 51 a\u00f1os de ser construido. Y fue rescatado y reconstruido en 2004. Un velero que tiene una eslora de 44,9 metros y que ahora navega como representante de Normand\u00eda. Su lugar especial es la bah\u00eda del Mont Saint Michel donde pasea a curiosos visitantes que buscan conocer viejas embarcaciones y la forma de navegaci\u00f3n antigua.<\/p>\n<h3><span class=\"ez-toc-section\" id=\"El_%E2%80%98Oosterchelde\"><\/span>El &#8216;Oosterchelde&#8217;<span class=\"ez-toc-section-end\"><\/span><\/h3>\n<p><strong>El &#8216;Oosterchelde&#8217; holand\u00e9s<\/strong> es otra de las embarcaciones presentes en el festival. La historia cuenta que despu\u00e9s de finalizar la primera guerra mundial, la industria marina neerlandesa perdi\u00f3 gran cantidad de embarcaciones. Adem\u00e1s de esto el fuel subi\u00f3 extraordinariamente de precio. Esto llev\u00f3 a la industria a invertir en barcos de carga, propulsados a vela. Con esto reducir\u00edan el riesgo y a la vez, los gastos.<\/p>\n<p>En ese periodo se construyeron 500 embarcaciones en Holanda, con esas caracter\u00edsticas. Y la goleta\u00a0 &#8216;Oosterschelde&#8217; de tres velas se dedic\u00f3 al transporte. Ya entrando la Segunda Guerra Mundial, en 1939, venden la embarcaci\u00f3n a una empresa en Dinamarca. Lo que lo lleva a convertirse en unos de los barcos m\u00e1s modernos de la flota.<\/p>\n<p>A\u00f1os despu\u00e9s, port\u00f3 nuevamente la bandera sueca y regres\u00f3 a Holanda en 1988. Terminan su restauraci\u00f3n en 1992. Hoy es el \u00faltimo barco holand\u00e9s de sus caracter\u00edsticas, que contin\u00faa activo, y que adem\u00e1s es considerado un monumento nacional.<\/p>\n<h3><span class=\"ez-toc-section\" id=\"%E2%80%98Shtandart\"><\/span>&#8216;Shtandart&#8217;<span class=\"ez-toc-section-end\"><\/span><\/h3>\n<p>En cuanto al <strong>&#8216;Shtandart&#8217;<\/strong>, por orden del zar Pedro el Grande, lo abandonaron en 1703 en el astillero de Olonets de San Petersburgo.\u00a0 Pedro I fue su primer capit\u00e1n y particip\u00f3 en acciones militares hasta 1719. Pedro I quiso conservarlo, pero fue desguazado. En el 2000 fue reconstruido.<\/p>\n<p>Hoy estar\u00e1 presente en este gran evento para ser visitado y admirado r gran cantidad de personas de Espa\u00f1a y Portugal.<\/p>\n<blockquote><p>Utilice siempre el mejor <a href=\"https:\/\/seguros-de-embarcaciones.seguros-generales.es\/\" target=\"_blank\" rel=\"noopener\">comparador de seguros de embarcaciones<\/a> para proteger su barco<\/p><\/blockquote>\n","protected":false},"excerpt":{"rendered":"<p>\u00bfSe realizar\u00e1 nuevamente, despu\u00e9s de dos a\u00f1os, la exitosa Pasaia Itsas Festibala o fiesta marinera de Pasaia. La primera edici\u00f3n de este gran evento tuvo gran \u00e9xito y aceptaci\u00f3n. Este a\u00f1o, se celebrar\u00e1 entre el 28 de mayo y 1 de junio, en toda la bah\u00eda pasaitarra. Las fiestas ya tienen a tres maravillosos protagonistas [&hellip;]<\/p>\n","protected":false},"author":1,"featured_media":824,"comment_status":"open","ping_status":"open","sticky":false,"template":"","format":"standard","meta":{"_et_pb_use_builder":"","_et_pb_old_content":"","_et_gb_content_width":"","footnotes":""},"categories":[620],"tags":[],"class_list":["post-822","post","type-post","status-publish","format-standard","has-post-thumbnail","hentry","category-barcos"],"_links":{"self":[{"href":"https:\/\/www.seguros-barcos.es\/blog\/wp-json\/wp\/v2\/posts\/822","targetHints":{"allow":["GET"]}}],"collection":[{"href":"https:\/\/www.seguros-barcos.es\/blog\/wp-json\/wp\/v2\/posts"}],"about":[{"href":"https:\/\/www.seguros-barcos.es\/blog\/wp-json\/wp\/v2\/types\/post"}],"author":[{"embeddable":true,"href":"https:\/\/www.seguros-barcos.es\/blog\/wp-json\/wp\/v2\/users\/1"}],"replies":[{"embeddable":true,"href":"https:\/\/www.seguros-barcos.es\/blog\/wp-json\/wp\/v2\/comments?post=822"}],"version-history":[{"count":1,"href":"https:\/\/www.seguros-barcos.es\/blog\/wp-json\/wp\/v2\/posts\/822\/revisions"}],"predecessor-version":[{"id":823,"href":"https:\/\/www.seguros-barcos.es\/blog\/wp-json\/wp\/v2\/posts\/822\/revisions\/823"}],"wp:featuredmedia":[{"embeddable":true,"href":"https:\/\/www.seguros-barcos.es\/blog\/wp-json\/wp\/v2\/media\/824"}],"wp:attachment":[{"href":"https:\/\/www.seguros-barcos.es\/blog\/wp-json\/wp\/v2\/media?parent=822"}],"wp:term":[{"taxonomy":"category","embeddable":true,"href":"https:\/\/www.seguros-barcos.es\/blog\/wp-json\/wp\/v2\/categories?post=822"},{"taxonomy":"post_tag","embeddable":true,"href":"https:\/\/www.seguros-barcos.es\/blog\/wp-json\/wp\/v2\/tags?post=822"}],"curies":[{"name":"wp","href":"https:\/\/api.w.org\/{rel}","templated":true}]}}