{"id":792,"date":"2019-12-03T15:04:59","date_gmt":"2019-12-03T13:04:59","guid":{"rendered":"https:\/\/www.seguros-barcos.es\/blog\/?p=792"},"modified":"2019-12-10T15:07:32","modified_gmt":"2019-12-10T13:07:32","slug":"la-vagabonde-el-catamaran-donde-viajo-greta-thunberg","status":"publish","type":"post","link":"https:\/\/www.seguros-barcos.es\/blog\/noticias\/la-vagabonde-el-catamaran-donde-viajo-greta-thunberg\/","title":{"rendered":"La Vagabonde&#8230; \u00a0el catamar\u00e1n donde viaj\u00f3 Greta Thunberg"},"content":{"rendered":"<p>Durante 21 d\u00edas viaj\u00f3 en un catamar\u00e1n la activista Greta Thunberg. La tripulaci\u00f3n y con ella Greta, <strong>cruzaron el Atl\u00e1ntico en un barco que mide solo 15 m de eslora<\/strong>. El viaje parti\u00f3 desde Virginia, Estados Unidos, hasta llegar a Lisboa. Y los due\u00f1os, son una pareja de &#8216;youtubers&#8217;, australianos Riley Whitlum y Elayna Carrasu, que oyeron la solicitud de ayuda de Thunberg para viajar a Madrid.<\/p>\n<p>Estos\u00a0 le ofrecieron a Greta y su padre la posibilidad de viajar con ellos a bordo de \u201cLa Vagabonde\u201d el nombre del barco. Nikki Henderson una navegante de competici\u00f3n brit\u00e1nica, se propuso para tripular el catamar\u00e1n.<\/p>\n<p><strong>Los tripulantes de \u201cLa Vagabonde\u201d cruzaron el Atl\u00e1ntico recorriendo 6.000 Km de ancho en este peque\u00f1o barco<\/strong>. Finalmente, despu\u00e9s de 21 d\u00edas llegaron a Lisboa y Greta Thunberg estar\u00e1 a tiempo en Madrid para asistir a la cumbre del Clima. El prop\u00f3sito de la joven activista fue llegar a Madrid sin viajar en avi\u00f3n. Para no contribuir con el deterioro del medio ambiente.<\/p>\n<p>\u201cLa Vagabonde\u201d es un Yate sin muchos lujos, propiedad de una peque\u00f1a familia de tres miembros, desde hace 6 a\u00f1os, con el que pueden viajar y dar la vuelta al mundo. <strong>El barco es \u00abun Beneteau Cyclades 2007<\/strong>, con 1.400 horas en el motor\u00bb.<\/p>\n<p>El due\u00f1o le ha ido realizando cambios y mejoras al barco, de manera de acondicionarlo para que tenga mayor potencia al desplazarse. As\u00ed mismo, les permita a \u00e9l y su familia tener \u00abuna vida m\u00e1s llevadera y c\u00f3moda\u00bb.<\/p>\n<p><strong>Es un catamar\u00e1n amigable con el medio ambiente<\/strong>, el cual tiene instado dos paneles solares en los que invirti\u00f3 un total de 3.453 euros. Adem\u00e1s, tiene cuatro bater\u00edas de plomo-\u00e1cido. <strong>El generador es e\u00f3lico<\/strong>, por lo que funciona con el viento (1.920 euros) y un regulador inteligente. Con el regulador, carga la bater\u00eda de arranque la cual tuvo un costo de 93,75 euros.<\/p>\n<p>Actualmente, el catamar\u00e1n es la principal fuente de ingresos de la pareja. En sus viajes se dedican a grabar videos por los que consiguen m\u00faltiples patrocinadores. Estos se contactan con la familia y les financian para que les sea posible continuar realizando el viaje alrededor del mundo.<\/p>\n<blockquote><p>Recuerde contratar siempre el mejor <a href=\"https:\/\/www.seguros-barcos.es\/\">seguro de barcos<\/a> para proteger su embarcaci\u00f3n<\/p><\/blockquote>\n<div id=\"ez-toc-container\" class=\"ez-toc-v2_0_82_2 counter-hierarchy ez-toc-counter ez-toc-grey ez-toc-container-direction\">\n<div class=\"ez-toc-title-container\">\n<p class=\"ez-toc-title\" style=\"cursor:inherit\">Table of Contents<\/p>\n<span class=\"ez-toc-title-toggle\"><a href=\"#\" class=\"ez-toc-pull-right ez-toc-btn ez-toc-btn-xs ez-toc-btn-default ez-toc-toggle\" aria-label=\"Alternar tabla de contenidos\"><span class=\"ez-toc-js-icon-con\"><span class=\"\"><span class=\"eztoc-hide\" style=\"display:none;\">Toggle<\/span><span class=\"ez-toc-icon-toggle-span\"><svg style=\"fill: #999;color:#999\" xmlns=\"http:\/\/www.w3.org\/2000\/svg\" class=\"list-377408\" width=\"20px\" height=\"20px\" viewBox=\"0 0 24 24\" fill=\"none\"><path d=\"M6 6H4v2h2V6zm14 0H8v2h12V6zM4 11h2v2H4v-2zm16 0H8v2h12v-2zM4 16h2v2H4v-2zm16 0H8v2h12v-2z\" fill=\"currentColor\"><\/path><\/svg><svg style=\"fill: #999;color:#999\" class=\"arrow-unsorted-368013\" xmlns=\"http:\/\/www.w3.org\/2000\/svg\" width=\"10px\" height=\"10px\" viewBox=\"0 0 24 24\" version=\"1.2\" baseProfile=\"tiny\"><path d=\"M18.2 9.3l-6.2-6.3-6.2 6.3c-.2.2-.3.4-.3.7s.1.5.3.7c.2.2.4.3.7.3h11c.3 0 .5-.1.7-.3.2-.2.3-.5.3-.7s-.1-.5-.3-.7zM5.8 14.7l6.2 6.3 6.2-6.3c.2-.2.3-.5.3-.7s-.1-.5-.3-.7c-.2-.2-.4-.3-.7-.3h-11c-.3 0-.5.1-.7.3-.2.2-.3.5-.3.7s.1.5.3.7z\"\/><\/svg><\/span><\/span><\/span><\/a><\/span><\/div>\n<nav><ul class='ez-toc-list ez-toc-list-level-1 ' ><li class='ez-toc-page-1 ez-toc-heading-level-2'><a class=\"ez-toc-link ez-toc-heading-1\" href=\"https:\/\/www.seguros-barcos.es\/blog\/noticias\/la-vagabonde-el-catamaran-donde-viajo-greta-thunberg\/#%E2%80%9CEs_imposible_vivir_sosteniblemente_hoy_y_eso_tiene_que_cambiar%E2%80%9D\" >\u201cEs imposible vivir sosteniblemente hoy, y eso tiene que cambiar\u201d<\/a><\/li><li class='ez-toc-page-1 ez-toc-heading-level-2'><a class=\"ez-toc-link ez-toc-heading-2\" href=\"https:\/\/www.seguros-barcos.es\/blog\/noticias\/la-vagabonde-el-catamaran-donde-viajo-greta-thunberg\/#El_viaje_para_Madrid_en_tren\" >El viaje para Madrid en tren<\/a><\/li><\/ul><\/nav><\/div>\n<h2><span class=\"ez-toc-section\" id=\"%E2%80%9CEs_imposible_vivir_sosteniblemente_hoy_y_eso_tiene_que_cambiar%E2%80%9D\"><\/span>\u201cEs imposible vivir sosteniblemente hoy, y eso tiene que cambiar\u201d<span class=\"ez-toc-section-end\"><\/span><\/h2>\n<p>El \u00a0viaje en barco realizado por Greta es un mensaje para los pol\u00edticos y a los que tienen el poder de decisi\u00f3n y de tomar medidas para reducir y eliminar pr\u00e1cticas que contaminan el ambiente. Sostiene que es necesario cambiar, que actualmente no es posible vivir en sostenibilidad pero el desarrollo se debe enfocar en esa v\u00eda.<\/p>\n<p>Se espera la asistencia de 25.000 personas a la Cumbre del Clima y muchos de ellos ya est\u00e1n en Madrid. Todos han viajado en avi\u00f3n, un medio de trasporte responsable del 2% de las emisiones de CO2.<\/p>\n<p>A Thunberg la recibieron muchas personas en el puerto de Lisboa, al cual se present\u00f3, con su cartel de protesta que us\u00f3 hace 15 meses en su protesta frente al parlamento en Estocolmo. Con la consigna, \u201cHuelga escolar por el clima\u201d (Skolstrejk f\u00f6r Klimatet), la activista sueca estar\u00e1 poco tiempo en Portugal. Pues debe ir rumbo a Madrid para asistir a la Cumbre del cambio clim\u00e1tico<\/p>\n<p>Sus principales admiradores son menores y j\u00f3venes. Al salir al puerto pronunci\u00f3 unas breves palabras y anunci\u00f3 que el viaje fue largo y estuvieron aislados del mundo durante tres semanas. \u00abCreo que necesitamos tiempo para descansar, sobre todo yo, para pensarlo todo\u201d.<\/p>\n<p>En la rueda de prensa hablaron dos j\u00f3venes portugueses pertenecientes a la agrupaci\u00f3n local Fridays for Future, seguidores de Greta. El nombre del grupo se debe al d\u00eda de la semana en que Greta Thunberg promocionaba la huelga escolar. Se espera para este viernes, tener una gran movilizaci\u00f3n. En Madrid se movilizar\u00e1n desde la estaci\u00f3n de Atocha hacia los Ministerios.<\/p>\n<blockquote><p>Revise ahora los mejores<a href=\"https:\/\/www.seguroslowcost.es\/seguros-barcos-lowcost.html\" target=\"_blank\" rel=\"noopener\"> seguros de barco low cost<\/a>, para que realice la mejor elecci\u00f3n<\/p><\/blockquote>\n<h2><span class=\"ez-toc-section\" id=\"El_viaje_para_Madrid_en_tren\"><\/span>El viaje para Madrid en tren<span class=\"ez-toc-section-end\"><\/span><\/h2>\n<p>Es posible que el viaje hasta Madrid lo realice en tren nocturno. Uno de los pocos trenes que todav\u00eda se encuentran en actividad en horas nocturnas. El viaje en este tren de Renfe tarda nueve horas y cinco minutos en ir desde Lisboa a Madrid. Es un recorrido bastante largo, sin embargo estas dos capitales en l\u00ednea recta solo las separan 500 Km.<\/p>\n<p>El tren genera menos emisiones que los carros, inclusive que los coches el\u00e9ctricos ya que estos son exigentes en infraestructuras costosas. El trasporte p\u00fablico es mucho m\u00e1s sostenible y es preferible para los activistas que protegen el clima.<\/p>\n<p>Tambi\u00e9n se\u00f1alan los activistas que gran cantidad de los coches el\u00e9ctricos que se ofertan en el mercado trabajan con bater\u00edas de litio. Mineral que al extraerlo causa un alto impacto ambiental lo que conlleva altos costos y deterior del medio ambiente. Sostienen que es preferible y m\u00e1s recomendable utilizar coches el\u00e9ctricos que trabajen con pilas de hidr\u00f3geno, lo cual es menos contaminante.<\/p>\n<p>Por otra parte, <strong>en Espa\u00f1a, el gobierno se prepara para recibir a Greta Thunberg, con un grupo de seguridad que la proteja<\/strong>. Es un personaje de relevancia actualmente y el protocolo indica que ser\u00e1 un servicio discreto que la acompa\u00f1ar\u00e1 a donde se deba desplazar.<\/p>\n<p>Se trata de un protocolo habitual, tal com lo explica el cuerpo policial, \u00abcuando nos visitan personas con cierta notoriedad y cuya seguridad pueda verse comprometida\u00bb. Es posible que dos funcionarios de paisano acompa\u00f1en a la activista sin que se note su presencia. Aunque la decisi\u00f3n final ser\u00e1 tomada por ella y Svante Thunberg, su padre.<\/p>\n<p>Greta, la adolescente sueca de 16 a\u00f1os, es hoy d\u00eda la activista contra el cambio clim\u00e1tico m\u00e1s joven y famosa a nivel mundial. Despu\u00e9s de iniciar en agosto del 2018, una huelga escolar los viernes de cada semana.<\/p>\n<blockquote><p>Utilice siempre el mejor <a href=\"https:\/\/seguros-de-embarcaciones.seguros-generales.es\/\" target=\"_blank\" rel=\"noopener\">comparador de seguros de embarcaciones<\/a> para proteger su barco<\/p><\/blockquote>\n","protected":false},"excerpt":{"rendered":"<p>Durante 21 d\u00edas viaj\u00f3 en un catamar\u00e1n la activista Greta Thunberg. La tripulaci\u00f3n y con ella Greta, cruzaron el Atl\u00e1ntico en un barco que mide solo 15 m de eslora. El viaje parti\u00f3 desde Virginia, Estados Unidos, hasta llegar a Lisboa. Y los due\u00f1os, son una pareja de &#8216;youtubers&#8217;, australianos Riley Whitlum y Elayna Carrasu, [&hellip;]<\/p>\n","protected":false},"author":1,"featured_media":793,"comment_status":"open","ping_status":"open","sticky":false,"template":"","format":"standard","meta":{"_et_pb_use_builder":"","_et_pb_old_content":"","_et_gb_content_width":"","footnotes":""},"categories":[618,620],"tags":[],"class_list":["post-792","post","type-post","status-publish","format-standard","has-post-thumbnail","hentry","category-noticias","category-barcos"],"_links":{"self":[{"href":"https:\/\/www.seguros-barcos.es\/blog\/wp-json\/wp\/v2\/posts\/792","targetHints":{"allow":["GET"]}}],"collection":[{"href":"https:\/\/www.seguros-barcos.es\/blog\/wp-json\/wp\/v2\/posts"}],"about":[{"href":"https:\/\/www.seguros-barcos.es\/blog\/wp-json\/wp\/v2\/types\/post"}],"author":[{"embeddable":true,"href":"https:\/\/www.seguros-barcos.es\/blog\/wp-json\/wp\/v2\/users\/1"}],"replies":[{"embeddable":true,"href":"https:\/\/www.seguros-barcos.es\/blog\/wp-json\/wp\/v2\/comments?post=792"}],"version-history":[{"count":1,"href":"https:\/\/www.seguros-barcos.es\/blog\/wp-json\/wp\/v2\/posts\/792\/revisions"}],"predecessor-version":[{"id":794,"href":"https:\/\/www.seguros-barcos.es\/blog\/wp-json\/wp\/v2\/posts\/792\/revisions\/794"}],"wp:featuredmedia":[{"embeddable":true,"href":"https:\/\/www.seguros-barcos.es\/blog\/wp-json\/wp\/v2\/media\/793"}],"wp:attachment":[{"href":"https:\/\/www.seguros-barcos.es\/blog\/wp-json\/wp\/v2\/media?parent=792"}],"wp:term":[{"taxonomy":"category","embeddable":true,"href":"https:\/\/www.seguros-barcos.es\/blog\/wp-json\/wp\/v2\/categories?post=792"},{"taxonomy":"post_tag","embeddable":true,"href":"https:\/\/www.seguros-barcos.es\/blog\/wp-json\/wp\/v2\/tags?post=792"}],"curies":[{"name":"wp","href":"https:\/\/api.w.org\/{rel}","templated":true}]}}