{"id":789,"date":"2019-12-02T14:58:55","date_gmt":"2019-12-02T12:58:55","guid":{"rendered":"https:\/\/www.seguros-barcos.es\/blog\/?p=789"},"modified":"2019-12-10T15:04:25","modified_gmt":"2019-12-10T13:04:25","slug":"naufragio-de-una-embarcacion-deja-9-migrantes-muertos","status":"publish","type":"post","link":"https:\/\/www.seguros-barcos.es\/blog\/noticias\/naufragio-de-una-embarcacion-deja-9-migrantes-muertos\/","title":{"rendered":"Naufragio de una embarcaci\u00f3n deja 9 migrantes muertos"},"content":{"rendered":"<p><strong>El naufragio de una patera en las costas de Lazarote, ocurrido en la madrugada del 6 de noviembre, <\/strong>deja unos cuantos migrantes fallecidos. El volcamiento ocurri\u00f3 en el municipio Teguise, en la zona de Caleta de Caballo.<\/p>\n<p>Se consiguieron cuatro hombres sobrevivientes originarios de magreb\u00ed, que llegaron a la cosa por sus propios medios. No fue necesario llevarlos a ning\u00fan centro de salud. Asimismo, la Delegaci\u00f3n del Gobierno en las Islas Canarias, el d\u00eda del naufragio hallaron cinco cuerpos todos sin vida. Un d\u00eda despu\u00e9s encontraron cuatro cuerpos m\u00e1s en aguas cercanas a la isla de Lanzarote. Lo que suman 9 fallecidos en el naufragio.<\/p>\n<p>Los ocupantes de la patera eran aproximadamente entre 12 y 16 personas, seg\u00fan informan. Sin embargo no se sabe a ciencia cierta el n\u00famero real de personas que se encontraba en la embarcaci\u00f3n.<\/p>\n<p>Cabe resaltar que en el dispositivo de b\u00fasqueda se activ\u00f3 un helic\u00f3ptero del 112. As\u00ed como tambi\u00e9n una patrullera de la Guardia Civil y un grupo de Salvamento Mar\u00edtimo. Tambi\u00e9n estuvieron presentes, Protecci\u00f3n Civil y el cuerpo policial de la localidad. Adem\u00e1s del Consorcio de Seguridad y el grupo de Emergencias de Lanzarote.<\/p>\n<blockquote><p>Recuerde contratar siempre el mejor <a href=\"https:\/\/www.seguros-barcos.es\/\">seguro de barcos<\/a> para proteger su embarcaci\u00f3n<\/p><\/blockquote>\n<div id=\"ez-toc-container\" class=\"ez-toc-v2_0_82_2 counter-hierarchy ez-toc-counter ez-toc-grey ez-toc-container-direction\">\n<div class=\"ez-toc-title-container\">\n<p class=\"ez-toc-title\" style=\"cursor:inherit\">Table of Contents<\/p>\n<span class=\"ez-toc-title-toggle\"><a href=\"#\" class=\"ez-toc-pull-right ez-toc-btn ez-toc-btn-xs ez-toc-btn-default ez-toc-toggle\" aria-label=\"Alternar tabla de contenidos\"><span class=\"ez-toc-js-icon-con\"><span class=\"\"><span class=\"eztoc-hide\" style=\"display:none;\">Toggle<\/span><span class=\"ez-toc-icon-toggle-span\"><svg style=\"fill: #999;color:#999\" xmlns=\"http:\/\/www.w3.org\/2000\/svg\" class=\"list-377408\" width=\"20px\" height=\"20px\" viewBox=\"0 0 24 24\" fill=\"none\"><path d=\"M6 6H4v2h2V6zm14 0H8v2h12V6zM4 11h2v2H4v-2zm16 0H8v2h12v-2zM4 16h2v2H4v-2zm16 0H8v2h12v-2z\" fill=\"currentColor\"><\/path><\/svg><svg style=\"fill: #999;color:#999\" class=\"arrow-unsorted-368013\" xmlns=\"http:\/\/www.w3.org\/2000\/svg\" width=\"10px\" height=\"10px\" viewBox=\"0 0 24 24\" version=\"1.2\" baseProfile=\"tiny\"><path d=\"M18.2 9.3l-6.2-6.3-6.2 6.3c-.2.2-.3.4-.3.7s.1.5.3.7c.2.2.4.3.7.3h11c.3 0 .5-.1.7-.3.2-.2.3-.5.3-.7s-.1-.5-.3-.7zM5.8 14.7l6.2 6.3 6.2-6.3c.2-.2.3-.5.3-.7s-.1-.5-.3-.7c-.2-.2-.4-.3-.7-.3h-11c-.3 0-.5.1-.7.3-.2.2-.3.5-.3.7s.1.5.3.7z\"\/><\/svg><\/span><\/span><\/span><\/a><\/span><\/div>\n<nav><ul class='ez-toc-list ez-toc-list-level-1 ' ><li class='ez-toc-page-1 ez-toc-heading-level-2'><a class=\"ez-toc-link ez-toc-heading-1\" href=\"https:\/\/www.seguros-barcos.es\/blog\/noticias\/naufragio-de-una-embarcacion-deja-9-migrantes-muertos\/#_340_muertos_en_el_mar_en_2019\" >\u00a0340 muertos en el mar en 2019<\/a><ul class='ez-toc-list-level-3' ><li class='ez-toc-heading-level-3'><a class=\"ez-toc-link ez-toc-heading-2\" href=\"https:\/\/www.seguros-barcos.es\/blog\/noticias\/naufragio-de-una-embarcacion-deja-9-migrantes-muertos\/#El_Sistema_Integrado_de_Vigilancia_Exterior_no_trabaja_con_eficiencia\" >El Sistema Integrado de Vigilancia Exterior no trabaja con eficiencia<\/a><\/li><\/ul><\/li><li class='ez-toc-page-1 ez-toc-heading-level-2'><a class=\"ez-toc-link ez-toc-heading-3\" href=\"https:\/\/www.seguros-barcos.es\/blog\/noticias\/naufragio-de-una-embarcacion-deja-9-migrantes-muertos\/#Un_drama_que_hace_reflexionar\" >Un drama que hace reflexionar<\/a><\/li><\/ul><\/nav><\/div>\n<h2><span class=\"ez-toc-section\" id=\"_340_muertos_en_el_mar_en_2019\"><\/span>\u00a0340 muertos en el mar en 2019<span class=\"ez-toc-section-end\"><\/span><\/h2>\n<p>La triste realidad es que <strong>al menos 340 personas migrantes se han perdido o fallecido en el mar, buscando nuevos horizontes en el 2019<\/strong>. Todos ellos buscando llegar a las costas espa\u00f1olas para residir en este pa\u00eds, en busca de una vida mejor.<\/p>\n<p>De acuerdo a las cifras que maneja la Organizaci\u00f3n Internacional para las Migraciones (OIM), han fallecido en el mar, en v\u00eda a las costas espa\u00f1olas, alrededor de 324 migrantes. Solo contando desde el 1 de enero hasta el 7 de noviembre, sin incluir los fallecidos en la ruta hacia Canarias. En la cual se contabiliza el n\u00famero documentado de 16 personas, a la fecha.<\/p>\n<p>En este sentido, Jos\u00e9 Miguel Morales, secretario general de Andaluc\u00eda Acoge, se\u00f1ala que cada vez que se cierra una v\u00eda de acceso a la Uni\u00f3n Europea, por lo general se activa otra.<\/p>\n<p>As\u00ed se tiene que <strong>la ruta de \u00c1frica a Canarias es \u201cla m\u00e1s larga y peligrosa\u201d.<\/strong> Hac\u00eda ya bastante tiempo que no se ve\u00eda tanto movimiento por esa ruta. El n\u00famero de personas que trata de llegar\u00a0 Espa\u00f1a es cada vez mayor, y las naufragios siguen ocurriendo.<\/p>\n<blockquote><p>Revise ahora los mejores<a href=\"https:\/\/www.seguroslowcost.es\/seguros-barcos-lowcost.html\" target=\"_blank\" rel=\"noopener\"> seguros de barco low cost<\/a>, para que realice la mejor elecci\u00f3n<\/p><\/blockquote>\n<h3><span class=\"ez-toc-section\" id=\"El_Sistema_Integrado_de_Vigilancia_Exterior_no_trabaja_con_eficiencia\"><\/span>El Sistema Integrado de Vigilancia Exterior no trabaja con eficiencia<span class=\"ez-toc-section-end\"><\/span><\/h3>\n<p>En referencia a esta horrible tragedia, la presidenta del Cabildo de Lanzarote Dolores Corujo, pronunci\u00f3 unas palabras de solidaridad.\u00a0 \u00abQuiero expresar mis m\u00e1s sinceras condolencias ante el dolor y sufrimiento de aquellos que no eligieron y no decidieron residir en los pa\u00edses de los que hoy recibimos como nosotros\u201d<\/p>\n<p>En el mismo sentido expres\u00f3, \u201c\u2026creo firmemente en la solidaridad de nuestro pueblo, en la empat\u00eda. Y entender y ponernos un poquito en el lugar de todas aquellas personas que huyen. Y sobre todo mi mensaje a esos familiares que est\u00e1n recibiendo desgraciadamente esta terrible noticia\u00bb.<\/p>\n<p>Por otra parte, E\u00f1o Robaya, concejal de seguridad y Emergencias de Teguise, tambi\u00e9n presente en el lugar de los hechos, se refiri\u00f3 al SIVE. Manifest\u00f3 que el Sistema Integrado de Vigilancia Exterior<strong>, SIVE, ha presentado problemas desde el 2008<\/strong>. Si se encontrara funcionando a cabalidad no ocurrieran este tipo de tragedias.<\/p>\n<p>Las pateras se habr\u00edan podido localizar en alta mar y el grupo de salvamento mar\u00edtimo habr\u00eda acudido a su rescate. Es posible evitar estas tragedias si el SIVE funciona bi\u00e9n.<\/p>\n<p>En especial, las que vienen por la ruta de donde esta proced\u00eda, desde Agadir\u00a0 y las que llegan al norte de la isla, en Har\u00eda y Los Ancones. En el caso particular de esta patera \u201cvino desde Agadir, estaba navegando desde el viernes, llevaba cuatro d\u00edas navegando y no me creo que nadie localice a una patera despu\u00e9s de cuatro d\u00edas navegando\u00bb,<\/p>\n<p>La Delegaci\u00f3n del Gobierno en Canarias es enf\u00e1tica al asegurar que ellos est\u00e1n coordinando el dispositivo de rescate. Sin embargo, Robayna sostiene que \u00ablos servicios de rescate est\u00e1n coordinados por la Guardia Civil de Costa Teguise, Protecci\u00f3n Civil de Teguise, Emerlan y el Consorcio de Seguridad y Emergencias. Esos son los que est\u00e1n coordinando las labores de rescate\u00bb.<\/p>\n<h2><span class=\"ez-toc-section\" id=\"Un_drama_que_hace_reflexionar\"><\/span>Un drama que hace reflexionar<span class=\"ez-toc-section-end\"><\/span><\/h2>\n<p>Por otra parte, \u00c1ngel V\u00edctor Torres, presidente del Gobierno de las Islas Canarias, tambi\u00e9n manifest\u00f3 sus condolencias a los familiares de las v\u00edctimas. Y llam\u00f3 a reflexi\u00f3n sobre los hechos acaecidos en las aguas de Lanzarote.<\/p>\n<p>En sus declaraciones\u00a0 manifest\u00f3 que estas personas vienen en la b\u00fasqueda de una mejor vida. Pero fallecieron y no lograron alcanzar su meta. Huyeron de su pa\u00eds natal, para encontrar en otro pa\u00eds, tan solo la muerte.<\/p>\n<p>Estas declaraciones fueron realizadas durante el desarrollo del acto celebrado en Caleta de Sebo, en la isla de La Graciosa. Donde, por primera vez se recibi\u00f3 al buque escuela de la Armada Juan Sebasti\u00e1n Elcano.<\/p>\n<p>Para concluir manifest\u00f3 que \u00abalgo se hace mal en este mundo, tenemos que reflexionar porque el que se vaya gente de sus pa\u00edses huyendo del hambre, la guerra, y acaben ahogados en el mar, es un drama que nos tiene que hacer reflexionar\u00bb. Hay dolor por este hecho y es lamentable pero siguen ocurriendo.<\/p>\n<p><strong>Espa\u00f1a es el principal destino para las personas que huyen de su pa\u00eds en busca de una vida mejor<\/strong>.<\/p>\n<blockquote><p>Utilice siempre el mejor <a href=\"https:\/\/seguros-de-embarcaciones.seguros-generales.es\/\" target=\"_blank\" rel=\"noopener\">comparador de seguros de embarcaciones<\/a> para proteger su barco<\/p><\/blockquote>\n","protected":false},"excerpt":{"rendered":"<p>El naufragio de una patera en las costas de Lazarote, ocurrido en la madrugada del 6 de noviembre, deja unos cuantos migrantes fallecidos. El volcamiento ocurri\u00f3 en el municipio Teguise, en la zona de Caleta de Caballo. Se consiguieron cuatro hombres sobrevivientes originarios de magreb\u00ed, que llegaron a la cosa por sus propios medios. No [&hellip;]<\/p>\n","protected":false},"author":1,"featured_media":790,"comment_status":"open","ping_status":"open","sticky":false,"template":"","format":"standard","meta":{"_et_pb_use_builder":"","_et_pb_old_content":"","_et_gb_content_width":"","footnotes":""},"categories":[618,620],"tags":[],"class_list":["post-789","post","type-post","status-publish","format-standard","has-post-thumbnail","hentry","category-noticias","category-barcos"],"_links":{"self":[{"href":"https:\/\/www.seguros-barcos.es\/blog\/wp-json\/wp\/v2\/posts\/789","targetHints":{"allow":["GET"]}}],"collection":[{"href":"https:\/\/www.seguros-barcos.es\/blog\/wp-json\/wp\/v2\/posts"}],"about":[{"href":"https:\/\/www.seguros-barcos.es\/blog\/wp-json\/wp\/v2\/types\/post"}],"author":[{"embeddable":true,"href":"https:\/\/www.seguros-barcos.es\/blog\/wp-json\/wp\/v2\/users\/1"}],"replies":[{"embeddable":true,"href":"https:\/\/www.seguros-barcos.es\/blog\/wp-json\/wp\/v2\/comments?post=789"}],"version-history":[{"count":1,"href":"https:\/\/www.seguros-barcos.es\/blog\/wp-json\/wp\/v2\/posts\/789\/revisions"}],"predecessor-version":[{"id":791,"href":"https:\/\/www.seguros-barcos.es\/blog\/wp-json\/wp\/v2\/posts\/789\/revisions\/791"}],"wp:featuredmedia":[{"embeddable":true,"href":"https:\/\/www.seguros-barcos.es\/blog\/wp-json\/wp\/v2\/media\/790"}],"wp:attachment":[{"href":"https:\/\/www.seguros-barcos.es\/blog\/wp-json\/wp\/v2\/media?parent=789"}],"wp:term":[{"taxonomy":"category","embeddable":true,"href":"https:\/\/www.seguros-barcos.es\/blog\/wp-json\/wp\/v2\/categories?post=789"},{"taxonomy":"post_tag","embeddable":true,"href":"https:\/\/www.seguros-barcos.es\/blog\/wp-json\/wp\/v2\/tags?post=789"}],"curies":[{"name":"wp","href":"https:\/\/api.w.org\/{rel}","templated":true}]}}