{"id":1394,"date":"2025-09-15T19:59:59","date_gmt":"2025-09-15T17:59:59","guid":{"rendered":"https:\/\/www.seguros-barcos.es\/blog\/?p=1394"},"modified":"2025-09-15T19:59:59","modified_gmt":"2025-09-15T17:59:59","slug":"tiempo-en-valencia","status":"publish","type":"post","link":"https:\/\/www.seguros-barcos.es\/blog\/noticias\/tiempo-en-valencia\/","title":{"rendered":"Tiempo en Valencia: \u00bfSe puede navegar o ir a la playa?"},"content":{"rendered":"<p><span style=\"font-weight: 400;\">El <\/span><b>tiempo en Valencia<\/b><span style=\"font-weight: 400;\"> y en la provincia de Alicante se presenta estable, con jornadas dominadas por cielos despejados y temperaturas que invitan a disfrutar de actividades al aire libre.\u00a0<\/span><\/p>\n<p><span style=\"font-weight: 400;\">Las previsiones de la<\/span><b> Agencia Estatal de Meteorolog\u00eda (Aemet)<\/b><span style=\"font-weight: 400;\"> apuntan a m\u00e1ximas de 30 grados y m\u00ednimas que rondan los 20, en lo que se conoce como \u201cnoches tropicales\u201d por no bajar de esa cifra.<\/span><\/p>\n<p><a href=\"https:\/\/www.seguros-generales.es\/seguros-embarcaciones.html\" target=\"_blank\" rel=\"noopener\"><img loading=\"lazy\" decoding=\"async\" class=\"aligncenter wp-image-1292 size-full\" title=\"comparador de seguros de embarcaciones\" src=\"https:\/\/www.seguros-barcos.es\/blog\/wp-content\/uploads\/2024\/08\/BARCO.png\" alt=\"comparador de seguros de embarcaciones\" width=\"600\" height=\"200\" srcset=\"https:\/\/www.seguros-barcos.es\/blog\/wp-content\/uploads\/2024\/08\/BARCO.png 600w, https:\/\/www.seguros-barcos.es\/blog\/wp-content\/uploads\/2024\/08\/BARCO-480x160.png 480w\" sizes=\"(min-width: 0px) and (max-width: 480px) 480px, (min-width: 481px) 600px, 100vw\" \/><\/a><\/p>\n<p><span style=\"font-weight: 400;\">Para quienes planean acercarse al mar, navegar o pasar el d\u00eda en la playa, el panorama es favorable, aunque conviene estar atentos a las sensaciones t\u00e9rmicas y al viento.\u00a0<\/span><\/p>\n<p><span style=\"font-weight: 400;\">El <\/span><b>tiempo en Valencia<\/b><span style=\"font-weight: 400;\"> no siempre coincide con la calma absoluta, pues las brisas de componente este pueden variar y modificar la experiencia en alta mar o en la costa.<\/span><\/p>\n<table>\n<tbody>\n<tr>\n<td><b>Descubre: <\/b><a href=\"https:\/\/www.seguros-barcos.es\/blog\/noticias\/naufragio-lampedusa\/\"><b>Al menos 20 fallecidos tras un naufragio frente a Lampedusa<\/b><\/a><\/td>\n<\/tr>\n<\/tbody>\n<\/table>\n<div id=\"ez-toc-container\" class=\"ez-toc-v2_0_82_2 counter-hierarchy ez-toc-counter ez-toc-grey ez-toc-container-direction\">\n<div class=\"ez-toc-title-container\">\n<p class=\"ez-toc-title\" style=\"cursor:inherit\">Table of Contents<\/p>\n<span class=\"ez-toc-title-toggle\"><a href=\"#\" class=\"ez-toc-pull-right ez-toc-btn ez-toc-btn-xs ez-toc-btn-default ez-toc-toggle\" aria-label=\"Alternar tabla de contenidos\"><span class=\"ez-toc-js-icon-con\"><span class=\"\"><span class=\"eztoc-hide\" style=\"display:none;\">Toggle<\/span><span class=\"ez-toc-icon-toggle-span\"><svg style=\"fill: #999;color:#999\" xmlns=\"http:\/\/www.w3.org\/2000\/svg\" class=\"list-377408\" width=\"20px\" height=\"20px\" viewBox=\"0 0 24 24\" fill=\"none\"><path d=\"M6 6H4v2h2V6zm14 0H8v2h12V6zM4 11h2v2H4v-2zm16 0H8v2h12v-2zM4 16h2v2H4v-2zm16 0H8v2h12v-2z\" fill=\"currentColor\"><\/path><\/svg><svg style=\"fill: #999;color:#999\" class=\"arrow-unsorted-368013\" xmlns=\"http:\/\/www.w3.org\/2000\/svg\" width=\"10px\" height=\"10px\" viewBox=\"0 0 24 24\" version=\"1.2\" baseProfile=\"tiny\"><path d=\"M18.2 9.3l-6.2-6.3-6.2 6.3c-.2.2-.3.4-.3.7s.1.5.3.7c.2.2.4.3.7.3h11c.3 0 .5-.1.7-.3.2-.2.3-.5.3-.7s-.1-.5-.3-.7zM5.8 14.7l6.2 6.3 6.2-6.3c.2-.2.3-.5.3-.7s-.1-.5-.3-.7c-.2-.2-.4-.3-.7-.3h-11c-.3 0-.5.1-.7.3-.2.2-.3.5-.3.7s.1.5.3.7z\"\/><\/svg><\/span><\/span><\/span><\/a><\/span><\/div>\n<nav><ul class='ez-toc-list ez-toc-list-level-1 ' ><li class='ez-toc-page-1 ez-toc-heading-level-2'><a class=\"ez-toc-link ez-toc-heading-1\" href=\"https:\/\/www.seguros-barcos.es\/blog\/noticias\/tiempo-en-valencia\/#%C2%BFComo_estara_el_tiempo_en_Valencia\" >\u00bfC\u00f3mo estar\u00e1 el tiempo en Valencia?<\/a><\/li><li class='ez-toc-page-1 ez-toc-heading-level-2'><a class=\"ez-toc-link ez-toc-heading-2\" href=\"https:\/\/www.seguros-barcos.es\/blog\/noticias\/tiempo-en-valencia\/#%C2%BFEs_buen_momento_para_navegar_o_ir_a_la_playa\" >\u00bfEs buen momento para navegar o ir a la playa?<\/a><\/li><li class='ez-toc-page-1 ez-toc-heading-level-2'><a class=\"ez-toc-link ez-toc-heading-3\" href=\"https:\/\/www.seguros-barcos.es\/blog\/noticias\/tiempo-en-valencia\/#Prevision_por_municipios\" >Previsi\u00f3n por municipios<\/a><ul class='ez-toc-list-level-3' ><li class='ez-toc-heading-level-3'><a class=\"ez-toc-link ez-toc-heading-4\" href=\"https:\/\/www.seguros-barcos.es\/blog\/noticias\/tiempo-en-valencia\/#Noche_tropical_en_el_litoral\" >Noche tropical en el litoral<\/a><\/li><\/ul><\/li><li class='ez-toc-page-1 ez-toc-heading-level-2'><a class=\"ez-toc-link ez-toc-heading-5\" href=\"https:\/\/www.seguros-barcos.es\/blog\/noticias\/tiempo-en-valencia\/#%C2%BFEl_seguro_de_autocaravanas_cubre_danos_por_lluvia\" >\u00bfEl seguro de autocaravanas cubre da\u00f1os por lluvia?<\/a><\/li><li class='ez-toc-page-1 ez-toc-heading-level-2'><a class=\"ez-toc-link ez-toc-heading-6\" href=\"https:\/\/www.seguros-barcos.es\/blog\/noticias\/tiempo-en-valencia\/#Mejores_seguros_de_autocaravanas_en_Espana\" >Mejores seguros de autocaravanas en Espa\u00f1a<\/a><\/li><\/ul><\/nav><\/div>\n<h2><span class=\"ez-toc-section\" id=\"%C2%BFComo_estara_el_tiempo_en_Valencia\"><\/span><span style=\"color: #ff6600;\"><b>\u00bfC\u00f3mo estar\u00e1 el tiempo en Valencia?<\/b><\/span><span class=\"ez-toc-section-end\"><\/span><\/h2>\n<p><span style=\"font-weight: 400;\">La previsi\u00f3n indica que los pr\u00f3ximos d\u00edas predominar\u00e1n los cielos poco nubosos, sin riesgo de precipitaciones significativas. <\/span><b>Las temperaturas oscilar\u00e1n entre 22 y 31 grados<\/b><span style=\"font-weight: 400;\">, manteni\u00e9ndose en valores similares en distintos municipios de la Comunidad.<\/span><\/p>\n<p><span style=\"font-weight: 400;\">El viento soplar\u00e1 flojo, principalmente de direcci\u00f3n sudeste o este, lo que favorece condiciones estables tanto para ba\u00f1istas como para navegantes. Sin embargo, se recomienda <\/span><b>vigilar la evoluci\u00f3n del mar en horas<\/b><span style=\"font-weight: 400;\"> centrales del d\u00eda, cuando las brisas suelen intensificarse.<\/span><\/p>\n<table style=\"width: 99.8284%; height: 60px;\">\n<tbody>\n<tr>\n<td>\n<p style=\"text-align: center;\"><b>Usa el nuevo <\/b><a title=\"comparador de seguros de barcos\" href=\"https:\/\/www.seguros-generales.es\/seguros-embarcaciones.html\" target=\"_blank\" rel=\"noopener\"><b>comparador de seguros de barcos<\/b><\/a><b> y elige la p\u00f3liza m\u00e1s completa al mejor precio.<\/b><\/p>\n<\/td>\n<\/tr>\n<\/tbody>\n<\/table>\n<h2><span class=\"ez-toc-section\" id=\"%C2%BFEs_buen_momento_para_navegar_o_ir_a_la_playa\"><\/span><span style=\"color: #ff6600;\"><b>\u00bfEs buen momento para navegar o ir a la playa?<\/b><\/span><span class=\"ez-toc-section-end\"><\/span><\/h2>\n<p><span style=\"font-weight: 400;\">Con el Mediterr\u00e1neo en calma y cielos despejados, se trata de un escenario id\u00f3neo para disfrutar del mar. <\/span><b>Los navegantes encontrar\u00e1n condiciones seguras, siempre que consulten los partes mar\u00edtimos antes de zarpar<\/b><span style=\"font-weight: 400;\">.<\/span><\/p>\n<p><span style=\"font-weight: 400;\">En la costa, el ambiente ser\u00e1 perfecto para un d\u00eda de playa, con temperaturas que rondan los 28 a 30 grados y una sensaci\u00f3n t\u00e9rmica ligeramente superior.\u00a0<\/span><\/p>\n<p><span style=\"font-weight: 400;\">El uso de protecci\u00f3n solar y la hidrataci\u00f3n constante son imprescindibles, sobre todo en las horas de mayor radiaci\u00f3n.<\/span><\/p>\n<h2><span class=\"ez-toc-section\" id=\"Prevision_por_municipios\"><\/span><span style=\"color: #ff6600;\"><b>Previsi\u00f3n por municipios<\/b><\/span><span class=\"ez-toc-section-end\"><\/span><\/h2>\n<ul>\n<li style=\"font-weight: 400;\" aria-level=\"1\"><b>Alicante capital<\/b><span style=\"font-weight: 400;\">: d\u00eda caluroso con m\u00e1ximas en torno a los 29 \u00baC y sensaci\u00f3n t\u00e9rmica mayor.<\/span><\/li>\n<li style=\"font-weight: 400;\" aria-level=\"1\"><b>Elche<\/b><span style=\"font-weight: 400;\">: cielo despejado y m\u00e1ximas de 30 \u00baC, con calor moderado en las horas centrales.<\/span><\/li>\n<li style=\"font-weight: 400;\" aria-level=\"1\"><b>Benidorm<\/b><span style=\"font-weight: 400;\">: ambiente estable con temperaturas de 27 \u00baC, ideal para turismo de playa.<\/span><\/li>\n<li style=\"font-weight: 400;\" aria-level=\"1\"><b>Torrevieja<\/b><span style=\"font-weight: 400;\">: ma\u00f1ana nubosa que se despejar\u00e1 hacia el mediod\u00eda, con m\u00e1ximas de 28 \u00baC.<\/span><\/li>\n<li style=\"font-weight: 400;\" aria-level=\"1\"><b>Orihuela<\/b><span style=\"font-weight: 400;\">: alternancia de sol y nubes, con picos de hasta 31 \u00baC.<\/span><\/li>\n<li style=\"font-weight: 400;\" aria-level=\"1\"><b>D\u00e9nia<\/b><span style=\"font-weight: 400;\">: intervalos nubosos matinales que dar\u00e1n paso a un cielo despejado, con 28 \u00baC de m\u00e1xima.<\/span><\/li>\n<\/ul>\n<p><span style=\"font-weight: 400;\">El <\/span><b>tiempo en Valencia<\/b><span style=\"font-weight: 400;\"> y en sus municipios cercanos invita a aprovechar el mar y las playas, siempre teniendo en cuenta las recomendaciones de seguridad.<\/span><\/p>\n<table>\n<tbody>\n<tr>\n<td><b>Descubre: <\/b><a title=\"barcos de Carnival\" href=\"https:\/\/www.seguros-barcos.es\/blog\/noticias\/barcos-de-carnival\/\" target=\"_blank\" rel=\"noopener\"><b>6 mejores barcos de Carnival y sus caracter\u00edsticas<\/b><\/a><\/td>\n<\/tr>\n<\/tbody>\n<\/table>\n<h3><span class=\"ez-toc-section\" id=\"Noche_tropical_en_el_litoral\"><\/span><span style=\"color: #ff6600;\"><b>Noche tropical en el litoral<\/b><\/span><span class=\"ez-toc-section-end\"><\/span><\/h3>\n<p><span style=\"font-weight: 400;\">El Sistema de Vigilancia de Temperaturas Extremas prev\u00e9 que toda la franja litoral viva otra <\/span><b>noche tropical<\/b><span style=\"font-weight: 400;\">, con registros que no descender\u00e1n de los 20 grados. Esto implica que el descanso nocturno puede verse afectado, sobre todo en viviendas sin climatizaci\u00f3n.<\/span><\/p>\n<h2><span class=\"ez-toc-section\" id=\"%C2%BFEl_seguro_de_autocaravanas_cubre_danos_por_lluvia\"><\/span><span style=\"color: #ff6600;\"><b>\u00bfEl seguro de autocaravanas cubre da\u00f1os por lluvia?<\/b><\/span><span class=\"ez-toc-section-end\"><\/span><\/h2>\n<p><span style=\"font-weight: 400;\">En episodios de tormentas o lluvias intensas, muchos viajeros en autocaravana se preguntan si sus p\u00f3lizas responden ante posibles desperfectos. En general, un <\/span><b>seguro de autocaravanas<\/b><span style=\"font-weight: 400;\"> b\u00e1sico incluye cobertura por responsabilidad civil, robo e incendio, pero no siempre contempla fen\u00f3menos meteorol\u00f3gicos.<\/span><\/p>\n<p><span style=\"font-weight: 400;\">Las modalidades a todo riesgo o con coberturas ampliadas s\u00ed suelen incluir da\u00f1os por lluvia, inundaciones o ca\u00edda de objetos. Por ello, revisar la p\u00f3liza antes de emprender un viaje resulta fundamental para evitar sorpresas.<\/span><\/p>\n<h2><span class=\"ez-toc-section\" id=\"Mejores_seguros_de_autocaravanas_en_Espana\"><\/span><span style=\"color: #ff6600;\"><b>Mejores seguros de autocaravanas en Espa\u00f1a<\/b><\/span><span class=\"ez-toc-section-end\"><\/span><\/h2>\n<table>\n<tbody>\n<tr>\n<td style=\"text-align: center;\"><b>Seguro<\/b><\/td>\n<td style=\"text-align: center;\"><b>Aseguradora<\/b><\/td>\n<td style=\"text-align: center;\"><b>Coberturas destacadas<\/b><\/td>\n<td style=\"text-align: center;\"><b>Precio estimado<\/b><\/td>\n<\/tr>\n<tr>\n<td style=\"text-align: center;\"><span style=\"font-weight: 400;\">Autocaravana B\u00e1sico<\/span><\/td>\n<td style=\"text-align: center;\"><span style=\"font-weight: 400;\">Mapfre<\/span><\/td>\n<td style=\"text-align: center;\"><span style=\"font-weight: 400;\">Responsabilidad civil, incendio, robo<\/span><\/td>\n<td style=\"text-align: center;\"><span style=\"font-weight: 400;\">Desde 180 \u20ac\/a\u00f1o<\/span><\/td>\n<\/tr>\n<tr>\n<td style=\"text-align: center;\"><span style=\"font-weight: 400;\">Camper Protecci\u00f3n Total<\/span><\/td>\n<td style=\"text-align: center;\"><span style=\"font-weight: 400;\">Allianz<\/span><\/td>\n<td style=\"text-align: center;\"><span style=\"font-weight: 400;\">Fen\u00f3menos meteorol\u00f3gicos, lunas, asistencia en viaje<\/span><\/td>\n<td style=\"text-align: center;\"><span style=\"font-weight: 400;\">Desde 220 \u20ac\/a\u00f1o<\/span><\/td>\n<\/tr>\n<tr>\n<td style=\"text-align: center;\"><span style=\"font-weight: 400;\">Viaje Seguro Plus<\/span><\/td>\n<td style=\"text-align: center;\"><span style=\"font-weight: 400;\">AXA<\/span><\/td>\n<td style=\"text-align: center;\"><span style=\"font-weight: 400;\">Todo riesgo, cobertura internacional, remolque<\/span><\/td>\n<td style=\"text-align: center;\"><span style=\"font-weight: 400;\">Desde 250 \u20ac\/a\u00f1o<\/span><\/td>\n<\/tr>\n<tr>\n<td style=\"text-align: center;\"><span style=\"font-weight: 400;\">Motorhome Premium<\/span><\/td>\n<td style=\"text-align: center;\"><span style=\"font-weight: 400;\">L\u00ednea Directa<\/span><\/td>\n<td style=\"text-align: center;\"><span style=\"font-weight: 400;\">Da\u00f1os atmosf\u00e9ricos, robo de accesorios, asistencia completa<\/span><\/td>\n<td style=\"text-align: center;\"><span style=\"font-weight: 400;\">Desde 240 \u20ac\/a\u00f1o<\/span><\/td>\n<\/tr>\n<\/tbody>\n<\/table>\n<p>&nbsp;<\/p>\n","protected":false},"excerpt":{"rendered":"<p>El tiempo en Valencia y en la provincia de Alicante se presenta estable, con jornadas dominadas por cielos despejados y temperaturas que invitan a disfrutar de actividades al aire libre.\u00a0 Las previsiones de la Agencia Estatal de Meteorolog\u00eda (Aemet) apuntan a m\u00e1ximas de 30 grados y m\u00ednimas que rondan los 20, en lo que se [&hellip;]<\/p>\n","protected":false},"author":4,"featured_media":1395,"comment_status":"open","ping_status":"open","sticky":false,"template":"","format":"standard","meta":{"_et_pb_use_builder":"","_et_pb_old_content":"","_et_gb_content_width":"","footnotes":""},"categories":[618],"tags":[987,986,984,985],"class_list":["post-1394","post","type-post","status-publish","format-standard","has-post-thumbnail","hentry","category-noticias","tag-aemet-alicante","tag-aemet-hy","tag-tiempo-en-valencia","tag-tiempo-en-valencia-hoy"],"_links":{"self":[{"href":"https:\/\/www.seguros-barcos.es\/blog\/wp-json\/wp\/v2\/posts\/1394","targetHints":{"allow":["GET"]}}],"collection":[{"href":"https:\/\/www.seguros-barcos.es\/blog\/wp-json\/wp\/v2\/posts"}],"about":[{"href":"https:\/\/www.seguros-barcos.es\/blog\/wp-json\/wp\/v2\/types\/post"}],"author":[{"embeddable":true,"href":"https:\/\/www.seguros-barcos.es\/blog\/wp-json\/wp\/v2\/users\/4"}],"replies":[{"embeddable":true,"href":"https:\/\/www.seguros-barcos.es\/blog\/wp-json\/wp\/v2\/comments?post=1394"}],"version-history":[{"count":1,"href":"https:\/\/www.seguros-barcos.es\/blog\/wp-json\/wp\/v2\/posts\/1394\/revisions"}],"predecessor-version":[{"id":1396,"href":"https:\/\/www.seguros-barcos.es\/blog\/wp-json\/wp\/v2\/posts\/1394\/revisions\/1396"}],"wp:featuredmedia":[{"embeddable":true,"href":"https:\/\/www.seguros-barcos.es\/blog\/wp-json\/wp\/v2\/media\/1395"}],"wp:attachment":[{"href":"https:\/\/www.seguros-barcos.es\/blog\/wp-json\/wp\/v2\/media?parent=1394"}],"wp:term":[{"taxonomy":"category","embeddable":true,"href":"https:\/\/www.seguros-barcos.es\/blog\/wp-json\/wp\/v2\/categories?post=1394"},{"taxonomy":"post_tag","embeddable":true,"href":"https:\/\/www.seguros-barcos.es\/blog\/wp-json\/wp\/v2\/tags?post=1394"}],"curies":[{"name":"wp","href":"https:\/\/api.w.org\/{rel}","templated":true}]}}