{"id":1290,"date":"2024-08-16T01:40:21","date_gmt":"2024-08-15T23:40:21","guid":{"rendered":"https:\/\/www.seguros-barcos.es\/blog\/?p=1290"},"modified":"2024-08-16T01:40:59","modified_gmt":"2024-08-15T23:40:59","slug":"playa-ber-pontedeume","status":"publish","type":"post","link":"https:\/\/www.seguros-barcos.es\/blog\/noticias\/playa-ber-pontedeume\/","title":{"rendered":"Playa Ber Pontedeume contin\u00faa cerrada por malas condiciones salubres"},"content":{"rendered":"<p><span style=\"font-weight: 400;\">La <\/span><b>Playa Ber Pontedeume<\/b><span style=\"font-weight: 400;\"> contin\u00faa siendo tendencia porque contin\u00faa cerrada por solicitud de Sanidade. Aunque El Concello ha asegurado que la situaci\u00f3n deber\u00eda quedar resuelta durante este a\u00f1o garantizando la conexi\u00f3n del saneamiento.<\/span><\/p>\n<p><span style=\"font-weight: 400;\">Si bien es cierto que <\/span><b>esta playa en Pontedeume ya llevaba tiempo cerrada<\/b><span style=\"font-weight: 400;\"> e incluso ten\u00eda un cartel indicando esto, la Sanidade ha pedido reforzar la se\u00f1alizaci\u00f3n y alertar a los ba\u00f1istas sobre todo en verano.\u00a0<\/span><\/p>\n<p><a href=\"https:\/\/www.seguros-generales.es\/seguros-embarcaciones.html\" target=\"_blank\" rel=\"noopener\"><img loading=\"lazy\" decoding=\"async\" class=\"aligncenter wp-image-1292 size-full\" title=\"comparador de seguros de barcos\" src=\"https:\/\/www.seguros-barcos.es\/blog\/wp-content\/uploads\/2024\/08\/BARCO.png\" alt=\"comparador de seguros de barcos\" width=\"600\" height=\"200\" srcset=\"https:\/\/www.seguros-barcos.es\/blog\/wp-content\/uploads\/2024\/08\/BARCO.png 600w, https:\/\/www.seguros-barcos.es\/blog\/wp-content\/uploads\/2024\/08\/BARCO-480x160.png 480w\" sizes=\"(min-width: 0px) and (max-width: 480px) 480px, (min-width: 481px) 600px, 100vw\" \/><\/a><\/p>\n<p><b>Antes la informaci\u00f3n solo aparec\u00eda en un panel del aparcamiento,<\/b><span style=\"font-weight: 400;\"> ahora se situar\u00e1 en otro espacio estrat\u00e9gico para que no pase desapercibido. Aparentemente la raz\u00f3n del cierre inicialmente se dio por un brote de gastroenteritis que produjo muchos afectados.\u00a0<\/span><\/p>\n<p><span style=\"font-weight: 400;\">Y lo m\u00e1s complicado es que hay una diferencia entre el informe realizado por Sanidades y la informaci\u00f3n aportada por el Concello. Raz\u00f3n por la cual la Playa Ber Pontedeume contin\u00faa sin acceso para los ba\u00f1istas.\u00a0<\/span><\/p>\n<table>\n<tbody>\n<tr>\n<td><b>Post:<\/b> <a href=\"https:\/\/www.salud-vida.es\/2024\/08\/15\/el-cuerpo-no-envejece-gradualmente\/\" target=\"_blank\" rel=\"noopener\"><b>Cient\u00edficos descubren que el cuerpo no envejece gradualmente<\/b><\/a><\/td>\n<\/tr>\n<\/tbody>\n<\/table>\n<h2><\/h2>\n<div id=\"ez-toc-container\" class=\"ez-toc-v2_0_82_2 counter-hierarchy ez-toc-counter ez-toc-grey ez-toc-container-direction\">\n<div class=\"ez-toc-title-container\">\n<p class=\"ez-toc-title\" style=\"cursor:inherit\">Table of Contents<\/p>\n<span class=\"ez-toc-title-toggle\"><a href=\"#\" class=\"ez-toc-pull-right ez-toc-btn ez-toc-btn-xs ez-toc-btn-default ez-toc-toggle\" aria-label=\"Alternar tabla de contenidos\"><span class=\"ez-toc-js-icon-con\"><span class=\"\"><span class=\"eztoc-hide\" style=\"display:none;\">Toggle<\/span><span class=\"ez-toc-icon-toggle-span\"><svg style=\"fill: #999;color:#999\" xmlns=\"http:\/\/www.w3.org\/2000\/svg\" class=\"list-377408\" width=\"20px\" height=\"20px\" viewBox=\"0 0 24 24\" fill=\"none\"><path d=\"M6 6H4v2h2V6zm14 0H8v2h12V6zM4 11h2v2H4v-2zm16 0H8v2h12v-2zM4 16h2v2H4v-2zm16 0H8v2h12v-2z\" fill=\"currentColor\"><\/path><\/svg><svg style=\"fill: #999;color:#999\" class=\"arrow-unsorted-368013\" xmlns=\"http:\/\/www.w3.org\/2000\/svg\" width=\"10px\" height=\"10px\" viewBox=\"0 0 24 24\" version=\"1.2\" baseProfile=\"tiny\"><path d=\"M18.2 9.3l-6.2-6.3-6.2 6.3c-.2.2-.3.4-.3.7s.1.5.3.7c.2.2.4.3.7.3h11c.3 0 .5-.1.7-.3.2-.2.3-.5.3-.7s-.1-.5-.3-.7zM5.8 14.7l6.2 6.3 6.2-6.3c.2-.2.3-.5.3-.7s-.1-.5-.3-.7c-.2-.2-.4-.3-.7-.3h-11c-.3 0-.5.1-.7.3-.2.2-.3.5-.3.7s.1.5.3.7z\"\/><\/svg><\/span><\/span><\/span><\/a><\/span><\/div>\n<nav><ul class='ez-toc-list ez-toc-list-level-1 ' ><li class='ez-toc-page-1 ez-toc-heading-level-2'><a class=\"ez-toc-link ez-toc-heading-1\" href=\"https:\/\/www.seguros-barcos.es\/blog\/noticias\/playa-ber-pontedeume\/#%C2%BFPor_que_la_playa_Ber_Pontedeume_sigue_cerrada\" >\u00bfPor qu\u00e9 la playa Ber Pontedeume sigue cerrada?<\/a><\/li><li class='ez-toc-page-1 ez-toc-heading-level-2'><a class=\"ez-toc-link ez-toc-heading-2\" href=\"https:\/\/www.seguros-barcos.es\/blog\/noticias\/playa-ber-pontedeume\/#Las_diferencias_entre_El_Concello_y_playa_Ber_Pontedeume\" >Las diferencias entre El Concello y playa Ber Pontedeume\u00a0<\/a><\/li><li class='ez-toc-page-1 ez-toc-heading-level-2'><a class=\"ez-toc-link ez-toc-heading-3\" href=\"https:\/\/www.seguros-barcos.es\/blog\/noticias\/playa-ber-pontedeume\/#%C2%BFA_que_se_deben_los_casos_de_gastroenteritis\" >\u00bfA qu\u00e9 se deben los casos de gastroenteritis?<\/a><\/li><\/ul><\/nav><\/div>\n<h2><span class=\"ez-toc-section\" id=\"%C2%BFPor_que_la_playa_Ber_Pontedeume_sigue_cerrada\"><\/span><span style=\"color: #ff6600;\"><b>\u00bfPor qu\u00e9 la playa Ber Pontedeume sigue cerrada?<\/b><\/span><span class=\"ez-toc-section-end\"><\/span><\/h2>\n<p><span style=\"font-weight: 400;\">Debido a un repunte en los casos de gastroenteritis que ha afectado a varias personas en el municipio, <\/span><b>Sanidade decidi\u00f3 tomar medidas m\u00e1s contundentes. <\/b><span style=\"font-weight: 400;\">Ya que los afectados ten\u00edan algo en com\u00fan, el ba\u00f1o en diversos arenales de la zona.\u00a0<\/span><\/p>\n<p><span style=\"font-weight: 400;\">Lo m\u00e1s sorprendente sobre la prohibici\u00f3n en la playa Ber en Pontedeume es que es una medida que <\/span><b>se instaur\u00f3 desde 2018 <\/b><span style=\"font-weight: 400;\">a causa de los resultados negativos en la evaluaci\u00f3n del agua. Actualmente a\u00fan no se admite el paso para ba\u00f1istas por los riesgos biol\u00f3gicos.<\/span><\/p>\n<p><span style=\"font-weight: 400;\">La situaci\u00f3n ha comenzado a traer todo tipo de comentarios, aumentando la presi\u00f3n sobre el cierre de<\/span><b> algunas playas en el municipio.<\/b><span style=\"font-weight: 400;\"> Principalmente, los habitantes exigen que se tomen las medidas necesarias para garantizar el resguardo de la poblaci\u00f3n.<\/span><\/p>\n<table>\n<tbody>\n<tr>\n<td><b>Descubre: <\/b><a title=\"Carabelas portuguesas\" href=\"https:\/\/www.seguros-barcos.es\/blog\/noticias\/carabelas-portuguesas\/\" target=\"_blank\" rel=\"noopener\"><b>Carabelas portuguesas invaden las costas asturianas de Espa\u00f1a<\/b><\/a><\/td>\n<\/tr>\n<\/tbody>\n<\/table>\n<h2><\/h2>\n<h2><span class=\"ez-toc-section\" id=\"Las_diferencias_entre_El_Concello_y_playa_Ber_Pontedeume\"><\/span><span style=\"color: #ff6600;\"><b>Las diferencias entre El Concello y playa Ber Pontedeume\u00a0<\/b><\/span><span class=\"ez-toc-section-end\"><\/span><\/h2>\n<p><span style=\"font-weight: 400;\">Actualmente existe una discusi\u00f3n sobre el caso de la <\/span><b>Playa Ber Pontedeume,<\/b><span style=\"font-weight: 400;\"> espec\u00edficamente entre El Concello y Sanidade. Ya que, los estudios realizados por El Concello reflejan que el agua del arenal mantiene unos par\u00e1metros dentro de lo establecido por Sanidade.<\/span><\/p>\n<p><span style=\"font-weight: 400;\">Sin embargo, Sanidade ha indicado que los estudios realizados por su comisi\u00f3n no corresponden a los hallazgos obtenidos por El Consello. Adem\u00e1s, salt\u00f3 a la vista el <\/span><b>presupuesto de 820.000 euros<\/b><span style=\"font-weight: 400;\"> para retomar en septiembre las labores de saneamiento en la playa.<\/span><\/p>\n<table>\n<tbody>\n<tr>\n<td>\n<p style=\"text-align: center;\"><span style=\"font-weight: 400;\">Tu tranquilidad y bienestar es lo primero, descubre cu\u00e1l es la p\u00f3liza perfecta para tu barco usando el <\/span><a title=\"comparador de seguros de barcos\" href=\"https:\/\/www.seguros-generales.es\/seguros-embarcaciones.html\" target=\"_blank\" rel=\"noopener\"><b>comparador de seguros de barcos<\/b><\/a><span style=\"font-weight: 400;\">.\u00a0<\/span><\/p>\n<\/td>\n<\/tr>\n<\/tbody>\n<\/table>\n<h2><\/h2>\n<h2><span class=\"ez-toc-section\" id=\"%C2%BFA_que_se_deben_los_casos_de_gastroenteritis\"><\/span><span style=\"color: #ff6600;\"><b>\u00bfA qu\u00e9 se deben los casos de gastroenteritis?<\/b><\/span><span class=\"ez-toc-section-end\"><\/span><\/h2>\n<p><span style=\"font-weight: 400;\">La situaci\u00f3n en la playa Ber Pontedeume ha expuesto una diferencia entre El Concello y Sanidade. Pero adem\u00e1s de esto, la mayor\u00eda se pregunta cu\u00e1l ser\u00e1 el origen real del aumento de los casos de gastroenteritis que ha afectado en la zona.<\/span><\/p>\n<p><span style=\"font-weight: 400;\">Como parte de sus argumentos, el Concello ha afirmado que tambi\u00e9n <\/span><b>se reportaron casos en Ares, Ner\u00f3n y en Mi\u00f1o<\/b><span style=\"font-weight: 400;\">. Sin embargo, tambi\u00e9n se ha tomado en consideraci\u00f3n a un bote de aguas residuales en una zona que podr\u00eda estar afectando el saneamiento de aguas.<\/span><\/p>\n","protected":false},"excerpt":{"rendered":"<p>La Playa Ber Pontedeume contin\u00faa siendo tendencia porque contin\u00faa cerrada por solicitud de Sanidade. Aunque El Concello ha asegurado que la situaci\u00f3n deber\u00eda quedar resuelta durante este a\u00f1o garantizando la conexi\u00f3n del saneamiento. Si bien es cierto que esta playa en Pontedeume ya llevaba tiempo cerrada e incluso ten\u00eda un cartel indicando esto, la Sanidade [&hellip;]<\/p>\n","protected":false},"author":4,"featured_media":1291,"comment_status":"open","ping_status":"open","sticky":false,"template":"","format":"standard","meta":{"_et_pb_use_builder":"","_et_pb_old_content":"","_et_gb_content_width":"","footnotes":""},"categories":[618],"tags":[894,895,896],"class_list":["post-1290","post","type-post","status-publish","format-standard","has-post-thumbnail","hentry","category-noticias","tag-playa-ber-pontedeume","tag-playa-ber-pontedeume-cerrada","tag-playa-ber-pontedeume-noticia"],"_links":{"self":[{"href":"https:\/\/www.seguros-barcos.es\/blog\/wp-json\/wp\/v2\/posts\/1290","targetHints":{"allow":["GET"]}}],"collection":[{"href":"https:\/\/www.seguros-barcos.es\/blog\/wp-json\/wp\/v2\/posts"}],"about":[{"href":"https:\/\/www.seguros-barcos.es\/blog\/wp-json\/wp\/v2\/types\/post"}],"author":[{"embeddable":true,"href":"https:\/\/www.seguros-barcos.es\/blog\/wp-json\/wp\/v2\/users\/4"}],"replies":[{"embeddable":true,"href":"https:\/\/www.seguros-barcos.es\/blog\/wp-json\/wp\/v2\/comments?post=1290"}],"version-history":[{"count":2,"href":"https:\/\/www.seguros-barcos.es\/blog\/wp-json\/wp\/v2\/posts\/1290\/revisions"}],"predecessor-version":[{"id":1294,"href":"https:\/\/www.seguros-barcos.es\/blog\/wp-json\/wp\/v2\/posts\/1290\/revisions\/1294"}],"wp:featuredmedia":[{"embeddable":true,"href":"https:\/\/www.seguros-barcos.es\/blog\/wp-json\/wp\/v2\/media\/1291"}],"wp:attachment":[{"href":"https:\/\/www.seguros-barcos.es\/blog\/wp-json\/wp\/v2\/media?parent=1290"}],"wp:term":[{"taxonomy":"category","embeddable":true,"href":"https:\/\/www.seguros-barcos.es\/blog\/wp-json\/wp\/v2\/categories?post=1290"},{"taxonomy":"post_tag","embeddable":true,"href":"https:\/\/www.seguros-barcos.es\/blog\/wp-json\/wp\/v2\/tags?post=1290"}],"curies":[{"name":"wp","href":"https:\/\/api.w.org\/{rel}","templated":true}]}}