{"id":1253,"date":"2024-03-22T01:30:08","date_gmt":"2024-03-21T23:30:08","guid":{"rendered":"https:\/\/www.seguros-barcos.es\/blog\/?p=1253"},"modified":"2024-03-22T01:31:05","modified_gmt":"2024-03-21T23:31:05","slug":"temporal-en-semana-santa","status":"publish","type":"post","link":"https:\/\/www.seguros-barcos.es\/blog\/noticias\/temporal-en-semana-santa\/","title":{"rendered":"Temporal en Semana Santa: Predicciones 2024"},"content":{"rendered":"<p><span style=\"font-weight: 400;\">Aqu\u00ed te contar\u00e9 cu\u00e1l es el pron\u00f3stico sobre el temporal en Semana Santa en varias regiones de Espa\u00f1a. Aunque ya se sabe que es muy probable que varios d\u00edas de esa fecha ocurran <\/span><b>lluvias en varias zonas del pa\u00eds.\u00a0<\/b><\/p>\n<p><span style=\"font-weight: 400;\">La AEMET ya ha compartido datos acerca del <\/span><b>pron\u00f3stico clim\u00e1tico durante la Semana Santa<\/b><span style=\"font-weight: 400;\"> en varios puntos importantes de Espa\u00f1a. Si bien es una fecha de gran relevancia religiosa, tambi\u00e9n suele cobrar importancia a nivel tur\u00edstico y cultural.\u00a0<\/span><\/p>\n<p><span style=\"font-weight: 400;\">Cada comunidad mantiene su propia esencia en torno al manejo de la Semana Santa, aunque es bastante com\u00fan <\/span><b>apreciar procesiones y caminatas<\/b><span style=\"font-weight: 400;\"> con motivos religiosos. Si tienes previsto participar en estas actividades, merece la pena valorar el temporal.\u00a0<\/span><\/p>\n<p><b>Post en tendencia: <\/b><a href=\"https:\/\/www.seguros-barcos.es\/blog\/noticias\/el-trastorno-de-ansiedad\/\"><b>6 consejos para controlar el trastorno de ansiedad seg\u00fan expertos<\/b><\/a><\/p>\n<p>&nbsp;<\/p>\n<div id=\"ez-toc-container\" class=\"ez-toc-v2_0_82_2 counter-hierarchy ez-toc-counter ez-toc-grey ez-toc-container-direction\">\n<div class=\"ez-toc-title-container\">\n<p class=\"ez-toc-title\" style=\"cursor:inherit\">Table of Contents<\/p>\n<span class=\"ez-toc-title-toggle\"><a href=\"#\" class=\"ez-toc-pull-right ez-toc-btn ez-toc-btn-xs ez-toc-btn-default ez-toc-toggle\" aria-label=\"Alternar tabla de contenidos\"><span class=\"ez-toc-js-icon-con\"><span class=\"\"><span class=\"eztoc-hide\" style=\"display:none;\">Toggle<\/span><span class=\"ez-toc-icon-toggle-span\"><svg style=\"fill: #999;color:#999\" xmlns=\"http:\/\/www.w3.org\/2000\/svg\" class=\"list-377408\" width=\"20px\" height=\"20px\" viewBox=\"0 0 24 24\" fill=\"none\"><path d=\"M6 6H4v2h2V6zm14 0H8v2h12V6zM4 11h2v2H4v-2zm16 0H8v2h12v-2zM4 16h2v2H4v-2zm16 0H8v2h12v-2z\" fill=\"currentColor\"><\/path><\/svg><svg style=\"fill: #999;color:#999\" class=\"arrow-unsorted-368013\" xmlns=\"http:\/\/www.w3.org\/2000\/svg\" width=\"10px\" height=\"10px\" viewBox=\"0 0 24 24\" version=\"1.2\" baseProfile=\"tiny\"><path d=\"M18.2 9.3l-6.2-6.3-6.2 6.3c-.2.2-.3.4-.3.7s.1.5.3.7c.2.2.4.3.7.3h11c.3 0 .5-.1.7-.3.2-.2.3-.5.3-.7s-.1-.5-.3-.7zM5.8 14.7l6.2 6.3 6.2-6.3c.2-.2.3-.5.3-.7s-.1-.5-.3-.7c-.2-.2-.4-.3-.7-.3h-11c-.3 0-.5.1-.7.3-.2.2-.3.5-.3.7s.1.5.3.7z\"\/><\/svg><\/span><\/span><\/span><\/a><\/span><\/div>\n<nav><ul class='ez-toc-list ez-toc-list-level-1 ' ><li class='ez-toc-page-1 ez-toc-heading-level-2'><a class=\"ez-toc-link ez-toc-heading-1\" href=\"https:\/\/www.seguros-barcos.es\/blog\/noticias\/temporal-en-semana-santa\/#Todo_sobre_el_temporal_en_Semana_Santa_en_varias_regiones_de_Espana\" >Todo sobre el temporal en Semana Santa en varias regiones de Espa\u00f1a\u00a0<\/a><ul class='ez-toc-list-level-3' ><li class='ez-toc-heading-level-3'><a class=\"ez-toc-link ez-toc-heading-2\" href=\"https:\/\/www.seguros-barcos.es\/blog\/noticias\/temporal-en-semana-santa\/#Inicio_de_la_primavera_y_paso_de_DANA\" >Inicio de la primavera y paso de DANA\u00a0<\/a><\/li><\/ul><\/li><li class='ez-toc-page-1 ez-toc-heading-level-2'><a class=\"ez-toc-link ez-toc-heading-3\" href=\"https:\/\/www.seguros-barcos.es\/blog\/noticias\/temporal-en-semana-santa\/#Todo_listo_para_la_Semana_Santa\" >Todo listo para la Semana Santa\u00a0<\/a><\/li><\/ul><\/nav><\/div>\n<h2><span class=\"ez-toc-section\" id=\"Todo_sobre_el_temporal_en_Semana_Santa_en_varias_regiones_de_Espana\"><\/span><span style=\"color: #ff6600;\"><b>Todo sobre el temporal en Semana Santa en varias regiones de Espa\u00f1a\u00a0<\/b><\/span><span class=\"ez-toc-section-end\"><\/span><\/h2>\n<p><span style=\"font-weight: 400;\">El mi\u00e9rcoles Santo varias regiones de Espa\u00f1a tendr\u00e1n numerosas <\/span><b>precipitaciones por el paso de una DANA<\/b><span style=\"font-weight: 400;\">. No es la primera vez en los \u00faltimos a\u00f1os que el pa\u00eds est\u00e1 sometido clim\u00e1ticamente a este fen\u00f3meno.\u00a0<\/span><\/p>\n<p><span style=\"font-weight: 400;\">Se cree que durante los d\u00edas del 22 al 24 de marzo llover\u00e1 en la regi\u00f3n norte peninsular y en Canarias. Aunque la fecha m\u00e1s relevante del temporal <\/span><b>va desde el 25 al 27 de marzo<\/b><span style=\"font-weight: 400;\"> donde se cree que llover\u00e1 en buena parte de Espa\u00f1a.\u00a0<\/span><\/p>\n<p><span style=\"font-weight: 400;\">En cuanto al <\/span><b>temporal de Semana Santa<\/b><span style=\"font-weight: 400;\"> se cree que hacia el fin de semana disminuir\u00e1 la probabilidad de precipitaciones en buena parte del pa\u00eds. Merece la pena tomar previsiones ante el pron\u00f3stico clim\u00e1tico que ha sido compartido.\u00a0<\/span><\/p>\n<table style=\"width: 97.7684%; height: 57px;\">\n<tbody>\n<tr>\n<td>\n<p style=\"text-align: center;\"><span style=\"font-weight: 400;\">Usa el <\/span><a href=\"https:\/\/www.seguros-generales.es\/seguros-embarcaciones.html\" target=\"_blank\" rel=\"noopener\"><b>comparador de seguros de barcos<\/b><\/a>\u00a0<span style=\"font-weight: 400;\">y conoce el mejor seguro para tu veh\u00edculo..<\/span><\/p>\n<\/td>\n<\/tr>\n<\/tbody>\n<\/table>\n<h3><\/h3>\n<h3><span class=\"ez-toc-section\" id=\"Inicio_de_la_primavera_y_paso_de_DANA\"><\/span><span style=\"color: #ff6600;\"><b>Inicio de la primavera y paso de DANA\u00a0<\/b><\/span><span class=\"ez-toc-section-end\"><\/span><\/h3>\n<p><span style=\"font-weight: 400;\">El inicio de la primavera comenz\u00f3 el 20 de marzo en Espa\u00f1a, y justamente ese d\u00eda se dio alerta sobre el paso de DANA, un fen\u00f3meno clim\u00e1tico condicionado por fuertes precipitaciones. Durante el 2023 este mismo fen\u00f3meno tuvo lugar por un tiempo.\u00a0<\/span><\/p>\n<p><span style=\"font-weight: 400;\">Los organismos clim\u00e1ticos tambi\u00e9n han alertado acerca de <\/span><b>posibles casos de niebla en la costa de Catalu\u00f1a<\/b><span style=\"font-weight: 400;\">, y vientos fuertes en Galicia y en algunas zonas costeras de Canarias.\u00a0<\/span><\/p>\n<p><span style=\"font-weight: 400;\">Mientras que en la regi\u00f3n norte peninsular se espera que haya fuertes chubascos y tormentas locales. Todo esto mientras se llevan a cabo con normalidad las actividades previstas para Semana Santa, aunque conviene estar prevenido al clima.<\/span><\/p>\n<p><span style=\"font-weight: 400;\">En zonas como Galicia y el Cant\u00e1brico se apreciar\u00e1 vientos fuertes, adem\u00e1s de la nubosidad es posible que ocurra ciertos periodos de lluvia. Hay que tomar en cuenta que la previsi\u00f3n puede tener ciertos cambios tomando en consideraci\u00f3n los d\u00edas en los que se ha comunicado.\u00a0<\/span><\/p>\n<p>&nbsp;<\/p>\n<h2><span class=\"ez-toc-section\" id=\"Todo_listo_para_la_Semana_Santa\"><\/span><span style=\"color: #ff6600;\"><b>Todo listo para la Semana Santa\u00a0<\/b><\/span><span class=\"ez-toc-section-end\"><\/span><\/h2>\n<p><span style=\"font-weight: 400;\">Ahora que conoces el temporal para Semana Santa en Espa\u00f1a, es importante que valores que conforme se acerquen m\u00e1s estos d\u00edas la predicci\u00f3n clim\u00e1tica podr\u00e1 ser mucho m\u00e1s precisa. Pero hasta ahora, es claro que habr\u00e1 varios d\u00edas de lluvia.\u00a0<\/span><\/p>\n<p><span style=\"font-weight: 400;\">No te pierdas las actualizaciones compartidas por la AEMET acerca del temporal en Semana Santa para comprobar si surge alg\u00fan tipo de cambio al respecto. Todo sigue su curso en la celebraci\u00f3n religiosa que est\u00e1 por venir.\u00a0<\/span><\/p>\n<p><span style=\"font-weight: 400;\">\u00bfQu\u00e9 piensas del paso de la Dana? \u00bfCrees que la Semana Santa estar\u00e1 repleto de d\u00edas de lluvia? D\u00e9janos en los comentarios tu opini\u00f3n acerca de esta noticia.\u00a0<\/span><\/p>\n","protected":false},"excerpt":{"rendered":"<p>Aqu\u00ed te contar\u00e9 cu\u00e1l es el pron\u00f3stico sobre el temporal en Semana Santa en varias regiones de Espa\u00f1a. Aunque ya se sabe que es muy probable que varios d\u00edas de esa fecha ocurran lluvias en varias zonas del pa\u00eds.\u00a0 La AEMET ya ha compartido datos acerca del pron\u00f3stico clim\u00e1tico durante la Semana Santa en varios [&hellip;]<\/p>\n","protected":false},"author":4,"featured_media":1254,"comment_status":"open","ping_status":"open","sticky":false,"template":"","format":"standard","meta":{"_et_pb_use_builder":"","_et_pb_old_content":"","_et_gb_content_width":"","footnotes":""},"categories":[618],"tags":[],"class_list":["post-1253","post","type-post","status-publish","format-standard","has-post-thumbnail","hentry","category-noticias"],"_links":{"self":[{"href":"https:\/\/www.seguros-barcos.es\/blog\/wp-json\/wp\/v2\/posts\/1253","targetHints":{"allow":["GET"]}}],"collection":[{"href":"https:\/\/www.seguros-barcos.es\/blog\/wp-json\/wp\/v2\/posts"}],"about":[{"href":"https:\/\/www.seguros-barcos.es\/blog\/wp-json\/wp\/v2\/types\/post"}],"author":[{"embeddable":true,"href":"https:\/\/www.seguros-barcos.es\/blog\/wp-json\/wp\/v2\/users\/4"}],"replies":[{"embeddable":true,"href":"https:\/\/www.seguros-barcos.es\/blog\/wp-json\/wp\/v2\/comments?post=1253"}],"version-history":[{"count":2,"href":"https:\/\/www.seguros-barcos.es\/blog\/wp-json\/wp\/v2\/posts\/1253\/revisions"}],"predecessor-version":[{"id":1256,"href":"https:\/\/www.seguros-barcos.es\/blog\/wp-json\/wp\/v2\/posts\/1253\/revisions\/1256"}],"wp:featuredmedia":[{"embeddable":true,"href":"https:\/\/www.seguros-barcos.es\/blog\/wp-json\/wp\/v2\/media\/1254"}],"wp:attachment":[{"href":"https:\/\/www.seguros-barcos.es\/blog\/wp-json\/wp\/v2\/media?parent=1253"}],"wp:term":[{"taxonomy":"category","embeddable":true,"href":"https:\/\/www.seguros-barcos.es\/blog\/wp-json\/wp\/v2\/categories?post=1253"},{"taxonomy":"post_tag","embeddable":true,"href":"https:\/\/www.seguros-barcos.es\/blog\/wp-json\/wp\/v2\/tags?post=1253"}],"curies":[{"name":"wp","href":"https:\/\/api.w.org\/{rel}","templated":true}]}}